{"id":1028,"date":"2019-02-06T12:35:39","date_gmt":"2019-02-06T12:35:39","guid":{"rendered":"https:\/\/miplatafina.es\/blog\/?p=1028"},"modified":"2019-07-03T15:04:36","modified_gmt":"2019-07-03T15:04:36","slug":"ideas-regalos-hombre-san-valentin","status":"publish","type":"post","link":"http:\/\/miplatafina.es\/blog\/ideas-regalos-hombre-san-valentin\/","title":{"rendered":"SAN VALENT\u00cdN: GU\u00cdA DE REGALOS PARA HOMBRE."},"content":{"rendered":"<p style=\"text-align: justify;\">En nuestro anterior post os ense\u00f1amos una <strong>selecci\u00f3n de joyas especiales para regalar a ella en San Valent\u00edn<\/strong>. Una serie de<strong> joyas para mujer<\/strong> con <strong>ideas de grabados especiales para enamorados<\/strong>, con frases y dise\u00f1os \u00fanicos que puedes <strong>personalizar como t\u00fa quieras<\/strong> para hacer el regalo m\u00e1s exclusivo. Si a\u00fan no lo has visto puedes hacerlo <a href=\"http:\/\/miplatafina.es\/blog\/san-valentin-guia-de-regalos-para-ella\/\">cliqueando\u00a0 aqu\u00ed.<\/a><\/p>\n\n<p style=\"text-align: justify;\">Hoy te traemos la <strong>selecci\u00f3n de regalos para \u00e9l<\/strong>. Una nueva recopilaci\u00f3n de j<strong>oyas personalizables para sorprenderlo en San Valent\u00edn<\/strong>, joyas que hablan de vuestra historia y definen vuestro amor.<\/p>\n\n<h2 class=\"wp-block-heading\" style=\"text-align: justify;\"><strong>PULSERA PIEL<\/strong><\/h2>\n\n<p style=\"text-align: justify;\">Un brazalete con el que no vas a fallar. Genuina <strong>piel trenzada italiana<\/strong> y broche con <strong>cierre imantado de acero inoxidable<\/strong> que puedes <strong>personalizar<\/strong> para hacerlo \u00fanico. Disponible en marr\u00f3n y negro.<\/p>\n\n<figure class=\"wp-block-image\" style=\"text-align: justify;\"><img data-recalc-dims=\"1\" loading=\"lazy\" decoding=\"async\" width=\"1200\" height=\"1200\" data-attachment-id=\"1019\" data-permalink=\"http:\/\/miplatafina.es\/blog\/pulsera-piel-2\/\" data-orig-file=\"https:\/\/i0.wp.com\/miplatafina.es\/blog\/wp-content\/uploads\/2019\/02\/PULSERA-PIEL.jpg?fit=1417%2C1417\" data-orig-size=\"1417,1417\" data-comments-opened=\"1\" data-image-meta=\"{&quot;aperture&quot;:&quot;0&quot;,&quot;credit&quot;:&quot;usuario&quot;,&quot;camera&quot;:&quot;&quot;,&quot;caption&quot;:&quot;&quot;,&quot;created_timestamp&quot;:&quot;1549384429&quot;,&quot;copyright&quot;:&quot;&quot;,&quot;focal_length&quot;:&quot;0&quot;,&quot;iso&quot;:&quot;0&quot;,&quot;shutter_speed&quot;:&quot;0&quot;,&quot;title&quot;:&quot;&quot;,&quot;orientation&quot;:&quot;0&quot;}\" data-image-title=\"PULSERA PIEL\" data-image-description=\"\" data-image-caption=\"\" data-medium-file=\"https:\/\/i0.wp.com\/miplatafina.es\/blog\/wp-content\/uploads\/2019\/02\/PULSERA-PIEL.jpg?fit=300%2C300\" data-large-file=\"https:\/\/i0.wp.com\/miplatafina.es\/blog\/wp-content\/uploads\/2019\/02\/PULSERA-PIEL.jpg?fit=1024%2C1024\" class=\"wp-image-1019\" src=\"https:\/\/i0.wp.com\/miplatafina.es\/blog\/wp-content\/uploads\/2019\/02\/PULSERA-PIEL.jpg?resize=1200%2C1200&#038;ssl=1\" alt=\"PULSERA PIEL\" srcset=\"https:\/\/i0.wp.com\/miplatafina.es\/blog\/wp-content\/uploads\/2019\/02\/PULSERA-PIEL.jpg?w=1417 1417w, https:\/\/i0.wp.com\/miplatafina.es\/blog\/wp-content\/uploads\/2019\/02\/PULSERA-PIEL.jpg?resize=150%2C150 150w, https:\/\/i0.wp.com\/miplatafina.es\/blog\/wp-content\/uploads\/2019\/02\/PULSERA-PIEL.jpg?resize=300%2C300 300w, https:\/\/i0.wp.com\/miplatafina.es\/blog\/wp-content\/uploads\/2019\/02\/PULSERA-PIEL.jpg?resize=768%2C768 768w, https:\/\/i0.wp.com\/miplatafina.es\/blog\/wp-content\/uploads\/2019\/02\/PULSERA-PIEL.jpg?resize=1024%2C1024 1024w\" sizes=\"(max-width: 1200px) 100vw, 1200px\" \/><\/figure>\n\n<p style=\"text-align: right;\"><em><a href=\"https:\/\/www.miplatafina.es\/es\/san-valentin\/246-pulsera-de-piel-enamorados.html\">Personaliza la Pulsera Piel.<\/a><\/em><\/p>\n\n<h2 class=\"wp-block-heading\" style=\"text-align: justify;\"><strong>COLGANTE MIA CUIR<\/strong><\/h2>\n\n<p style=\"text-align: justify;\">Al igual que el Colgante MIA para chica, el Colgante MIA Cuir se caracteriza por su gran capacidad de personalizaci\u00f3n en sus cuatro caras, con la diferencia del <strong>cord\u00f3n de cuero<\/strong> que le da un toque mucho m\u00e1s masculino. Disponible en <strong>Plata de Ley con cord\u00f3n de cuero negro<\/strong> y en <strong>Ba\u00f1o de Oro de 18k con cord\u00f3n de cuero marr\u00f3n.<\/strong><\/p>\n\n<figure class=\"wp-block-image\" style=\"text-align: justify;\"><img data-recalc-dims=\"1\" loading=\"lazy\" decoding=\"async\" width=\"1200\" height=\"1200\" data-attachment-id=\"1018\" data-permalink=\"http:\/\/miplatafina.es\/blog\/mia-cuir\/\" data-orig-file=\"https:\/\/i0.wp.com\/miplatafina.es\/blog\/wp-content\/uploads\/2019\/02\/MIA-CUIR.jpg?fit=1417%2C1417\" data-orig-size=\"1417,1417\" data-comments-opened=\"1\" data-image-meta=\"{&quot;aperture&quot;:&quot;0&quot;,&quot;credit&quot;:&quot;usuario&quot;,&quot;camera&quot;:&quot;&quot;,&quot;caption&quot;:&quot;&quot;,&quot;created_timestamp&quot;:&quot;1549384388&quot;,&quot;copyright&quot;:&quot;&quot;,&quot;focal_length&quot;:&quot;0&quot;,&quot;iso&quot;:&quot;0&quot;,&quot;shutter_speed&quot;:&quot;0&quot;,&quot;title&quot;:&quot;&quot;,&quot;orientation&quot;:&quot;0&quot;}\" data-image-title=\"MIA CUIR\" data-image-description=\"\" data-image-caption=\"\" data-medium-file=\"https:\/\/i0.wp.com\/miplatafina.es\/blog\/wp-content\/uploads\/2019\/02\/MIA-CUIR.jpg?fit=300%2C300\" data-large-file=\"https:\/\/i0.wp.com\/miplatafina.es\/blog\/wp-content\/uploads\/2019\/02\/MIA-CUIR.jpg?fit=1024%2C1024\" class=\"wp-image-1018\" src=\"https:\/\/i0.wp.com\/miplatafina.es\/blog\/wp-content\/uploads\/2019\/02\/MIA-CUIR.jpg?resize=1200%2C1200&#038;ssl=1\" alt=\"MIA CUIR\" srcset=\"https:\/\/i0.wp.com\/miplatafina.es\/blog\/wp-content\/uploads\/2019\/02\/MIA-CUIR.jpg?w=1417 1417w, https:\/\/i0.wp.com\/miplatafina.es\/blog\/wp-content\/uploads\/2019\/02\/MIA-CUIR.jpg?resize=150%2C150 150w, https:\/\/i0.wp.com\/miplatafina.es\/blog\/wp-content\/uploads\/2019\/02\/MIA-CUIR.jpg?resize=300%2C300 300w, https:\/\/i0.wp.com\/miplatafina.es\/blog\/wp-content\/uploads\/2019\/02\/MIA-CUIR.jpg?resize=768%2C768 768w, https:\/\/i0.wp.com\/miplatafina.es\/blog\/wp-content\/uploads\/2019\/02\/MIA-CUIR.jpg?resize=1024%2C1024 1024w\" sizes=\"(max-width: 1200px) 100vw, 1200px\" \/><\/figure>\n\n<p style=\"text-align: right;\"><em><a href=\"https:\/\/www.miplatafina.es\/es\/san-valentin\/560-colgante-mia-cuir-enamorados-0000000000554.html\">Personaliza el Colgante MIA Cuir<\/a><\/em><\/p>\n\n<h2 class=\"wp-block-heading\" style=\"text-align: justify;\"><strong>GEMELOS REDONDOS<\/strong><\/h2>\n\n<p style=\"text-align: justify;\">Un regalo para los m\u00e1s elegantes con el que podr\u00e1n dar su toque m\u00e1s personal al look m\u00e1s sofisticado. Deja volar tu imaginaci\u00f3n y personaliza de la forma m\u00e1s original estos <strong>gemelos de Plata de Ley.<\/strong><\/p>\n\n<figure class=\"wp-block-image\" style=\"text-align: justify;\"><img data-recalc-dims=\"1\" loading=\"lazy\" decoding=\"async\" width=\"1200\" height=\"1199\" data-attachment-id=\"1017\" data-permalink=\"http:\/\/miplatafina.es\/blog\/gemelos-redondos-2\/\" data-orig-file=\"https:\/\/i0.wp.com\/miplatafina.es\/blog\/wp-content\/uploads\/2019\/02\/GEMELOS-REDONDOS.jpg?fit=1417%2C1416\" data-orig-size=\"1417,1416\" data-comments-opened=\"1\" data-image-meta=\"{&quot;aperture&quot;:&quot;0&quot;,&quot;credit&quot;:&quot;usuario&quot;,&quot;camera&quot;:&quot;&quot;,&quot;caption&quot;:&quot;&quot;,&quot;created_timestamp&quot;:&quot;1549384398&quot;,&quot;copyright&quot;:&quot;&quot;,&quot;focal_length&quot;:&quot;0&quot;,&quot;iso&quot;:&quot;0&quot;,&quot;shutter_speed&quot;:&quot;0&quot;,&quot;title&quot;:&quot;&quot;,&quot;orientation&quot;:&quot;1&quot;}\" data-image-title=\"GEMELOS REDONDOS\" data-image-description=\"\" data-image-caption=\"\" data-medium-file=\"https:\/\/i0.wp.com\/miplatafina.es\/blog\/wp-content\/uploads\/2019\/02\/GEMELOS-REDONDOS.jpg?fit=300%2C300\" data-large-file=\"https:\/\/i0.wp.com\/miplatafina.es\/blog\/wp-content\/uploads\/2019\/02\/GEMELOS-REDONDOS.jpg?fit=1024%2C1024\" class=\"wp-image-1017\" src=\"https:\/\/i0.wp.com\/miplatafina.es\/blog\/wp-content\/uploads\/2019\/02\/GEMELOS-REDONDOS.jpg?resize=1200%2C1199&#038;ssl=1\" alt=\"GEMELOS REDONDOS\" srcset=\"https:\/\/i0.wp.com\/miplatafina.es\/blog\/wp-content\/uploads\/2019\/02\/GEMELOS-REDONDOS.jpg?w=1417 1417w, https:\/\/i0.wp.com\/miplatafina.es\/blog\/wp-content\/uploads\/2019\/02\/GEMELOS-REDONDOS.jpg?resize=150%2C150 150w, https:\/\/i0.wp.com\/miplatafina.es\/blog\/wp-content\/uploads\/2019\/02\/GEMELOS-REDONDOS.jpg?resize=300%2C300 300w, https:\/\/i0.wp.com\/miplatafina.es\/blog\/wp-content\/uploads\/2019\/02\/GEMELOS-REDONDOS.jpg?resize=768%2C767 768w, https:\/\/i0.wp.com\/miplatafina.es\/blog\/wp-content\/uploads\/2019\/02\/GEMELOS-REDONDOS.jpg?resize=1024%2C1024 1024w\" sizes=\"(max-width: 1200px) 100vw, 1200px\" \/><\/figure>\n\n<p style=\"text-align: right;\"><em><a href=\"https:\/\/www.miplatafina.es\/es\/san-valentin\/248-gemelos-redondos-enamorados.html\">Personaliza los Gemelos Redondos<\/a><\/em><\/p>\n\n<h2 class=\"wp-block-heading\" style=\"text-align: justify;\"><strong>COLGANTE DIFFERENT<\/strong><\/h2>\n\n<p style=\"text-align: justify;\">Un colgante fino y elegante con el que sorprender. Compuesto por una <strong>placa rectangular de Plata de Ley<\/strong> combinada con una<strong> cadena de bolas, tambi\u00e9n en plata de ley<\/strong>, disponible en dos medidas: 45 cm y 50 cm.<\/p>\n\n<figure class=\"wp-block-image\" style=\"text-align: justify;\"><img data-recalc-dims=\"1\" loading=\"lazy\" decoding=\"async\" width=\"1200\" height=\"1200\" data-attachment-id=\"1016\" data-permalink=\"http:\/\/miplatafina.es\/blog\/different\/\" data-orig-file=\"https:\/\/i0.wp.com\/miplatafina.es\/blog\/wp-content\/uploads\/2019\/02\/different.jpg?fit=1417%2C1417\" data-orig-size=\"1417,1417\" data-comments-opened=\"1\" data-image-meta=\"{&quot;aperture&quot;:&quot;0&quot;,&quot;credit&quot;:&quot;usuario&quot;,&quot;camera&quot;:&quot;&quot;,&quot;caption&quot;:&quot;&quot;,&quot;created_timestamp&quot;:&quot;1549384378&quot;,&quot;copyright&quot;:&quot;&quot;,&quot;focal_length&quot;:&quot;0&quot;,&quot;iso&quot;:&quot;0&quot;,&quot;shutter_speed&quot;:&quot;0&quot;,&quot;title&quot;:&quot;&quot;,&quot;orientation&quot;:&quot;0&quot;}\" data-image-title=\"different\" data-image-description=\"\" data-image-caption=\"\" data-medium-file=\"https:\/\/i0.wp.com\/miplatafina.es\/blog\/wp-content\/uploads\/2019\/02\/different.jpg?fit=300%2C300\" data-large-file=\"https:\/\/i0.wp.com\/miplatafina.es\/blog\/wp-content\/uploads\/2019\/02\/different.jpg?fit=1024%2C1024\" class=\"wp-image-1016\" src=\"https:\/\/i0.wp.com\/miplatafina.es\/blog\/wp-content\/uploads\/2019\/02\/different.jpg?resize=1200%2C1200&#038;ssl=1\" alt=\"different\" srcset=\"https:\/\/i0.wp.com\/miplatafina.es\/blog\/wp-content\/uploads\/2019\/02\/different.jpg?w=1417 1417w, https:\/\/i0.wp.com\/miplatafina.es\/blog\/wp-content\/uploads\/2019\/02\/different.jpg?resize=150%2C150 150w, https:\/\/i0.wp.com\/miplatafina.es\/blog\/wp-content\/uploads\/2019\/02\/different.jpg?resize=300%2C300 300w, https:\/\/i0.wp.com\/miplatafina.es\/blog\/wp-content\/uploads\/2019\/02\/different.jpg?resize=768%2C768 768w, https:\/\/i0.wp.com\/miplatafina.es\/blog\/wp-content\/uploads\/2019\/02\/different.jpg?resize=1024%2C1024 1024w\" sizes=\"(max-width: 1200px) 100vw, 1200px\" \/><\/figure>\n\n<p style=\"text-align: right;\"><em><a href=\"https:\/\/www.miplatafina.es\/es\/san-valentin\/256-colgante-different-enamorados.html\">Personaliza el Colgante Different<\/a><\/em><\/p>\n\n<h2 class=\"wp-block-heading\" style=\"text-align: justify;\"><strong>PULSERAS AKASHA<\/strong><\/h2>\n\n<p style=\"text-align: justify;\">Otra opci\u00f3n es regalar Akasha, una colecci\u00f3n de brazaletes creados a partir de una<strong> minuciosa selecci\u00f3n de piedras semi-preciosas<\/strong> (entre las que puedes encontrar rodocrosita, ojo de tigre, howlita&#8230;), <strong>plata de ley y oro de 18 kilates.<\/strong> Tambi\u00e9n puedes personalizar todas las piezas de la colecci\u00f3n de Akasha y crear joyas tan \u00fanicas como las anteriores. La de la imagen es la <strong>Pulsera de Piedra Volc\u00e1nica y Ojo de Tigre Verde CUBE.<\/strong><\/p>\n\n<figure class=\"wp-block-image\" style=\"text-align: justify;\"><img data-recalc-dims=\"1\" loading=\"lazy\" decoding=\"async\" width=\"1200\" height=\"1200\" data-attachment-id=\"1014\" data-permalink=\"http:\/\/miplatafina.es\/blog\/akasha\/\" data-orig-file=\"https:\/\/i0.wp.com\/miplatafina.es\/blog\/wp-content\/uploads\/2019\/02\/AKASHA.jpg?fit=1417%2C1417\" data-orig-size=\"1417,1417\" data-comments-opened=\"1\" data-image-meta=\"{&quot;aperture&quot;:&quot;0&quot;,&quot;credit&quot;:&quot;usuario&quot;,&quot;camera&quot;:&quot;&quot;,&quot;caption&quot;:&quot;&quot;,&quot;created_timestamp&quot;:&quot;1549384419&quot;,&quot;copyright&quot;:&quot;&quot;,&quot;focal_length&quot;:&quot;0&quot;,&quot;iso&quot;:&quot;0&quot;,&quot;shutter_speed&quot;:&quot;0&quot;,&quot;title&quot;:&quot;&quot;,&quot;orientation&quot;:&quot;0&quot;}\" data-image-title=\"AKASHA\" data-image-description=\"\" data-image-caption=\"\" data-medium-file=\"https:\/\/i0.wp.com\/miplatafina.es\/blog\/wp-content\/uploads\/2019\/02\/AKASHA.jpg?fit=300%2C300\" data-large-file=\"https:\/\/i0.wp.com\/miplatafina.es\/blog\/wp-content\/uploads\/2019\/02\/AKASHA.jpg?fit=1024%2C1024\" class=\"wp-image-1014\" src=\"https:\/\/i0.wp.com\/miplatafina.es\/blog\/wp-content\/uploads\/2019\/02\/AKASHA.jpg?resize=1200%2C1200&#038;ssl=1\" alt=\"AKASHA\" srcset=\"https:\/\/i0.wp.com\/miplatafina.es\/blog\/wp-content\/uploads\/2019\/02\/AKASHA.jpg?w=1417 1417w, https:\/\/i0.wp.com\/miplatafina.es\/blog\/wp-content\/uploads\/2019\/02\/AKASHA.jpg?resize=150%2C150 150w, https:\/\/i0.wp.com\/miplatafina.es\/blog\/wp-content\/uploads\/2019\/02\/AKASHA.jpg?resize=300%2C300 300w, https:\/\/i0.wp.com\/miplatafina.es\/blog\/wp-content\/uploads\/2019\/02\/AKASHA.jpg?resize=768%2C768 768w, https:\/\/i0.wp.com\/miplatafina.es\/blog\/wp-content\/uploads\/2019\/02\/AKASHA.jpg?resize=1024%2C1024 1024w\" sizes=\"(max-width: 1200px) 100vw, 1200px\" \/><\/figure><p style=\"text-align: justify;\">\u00a0<\/p><p style=\"text-align: right;\"><a href=\"https:\/\/www.miplatafina.es\/es\/44-pulseras-akasha\"><em>Personaliza\u00a0la Colecci\u00f3n Akasha.<\/em><\/a><\/p>\n\n<h2 class=\"wp-block-heading\" style=\"text-align: justify;\"><strong>COLGANTE ARO MEDIUM<\/strong><\/h2>\n\n<p style=\"text-align: justify;\">Un colgante para llevar siempre contigo, ligero y sencillo, y con la posibilidad de hacerlo \u00fanico y especial gracias a su <strong>aro personalizable en Plata de Ley.\u00a0<\/strong><\/p>\n\n<figure class=\"wp-block-image\" style=\"text-align: justify;\"><a href=\"https:\/\/i0.wp.com\/miplatafina.es\/blog\/wp-content\/uploads\/2019\/02\/aro-medium.jpg\"><img data-recalc-dims=\"1\" loading=\"lazy\" decoding=\"async\" width=\"1024\" height=\"1024\" data-attachment-id=\"1023\" data-permalink=\"http:\/\/miplatafina.es\/blog\/aro-medium-2\/\" data-orig-file=\"https:\/\/i0.wp.com\/miplatafina.es\/blog\/wp-content\/uploads\/2019\/02\/aro-medium.jpg?fit=1417%2C1418\" data-orig-size=\"1417,1418\" data-comments-opened=\"1\" data-image-meta=\"{&quot;aperture&quot;:&quot;0&quot;,&quot;credit&quot;:&quot;usuario&quot;,&quot;camera&quot;:&quot;&quot;,&quot;caption&quot;:&quot;&quot;,&quot;created_timestamp&quot;:&quot;1549446068&quot;,&quot;copyright&quot;:&quot;&quot;,&quot;focal_length&quot;:&quot;0&quot;,&quot;iso&quot;:&quot;0&quot;,&quot;shutter_speed&quot;:&quot;0&quot;,&quot;title&quot;:&quot;&quot;,&quot;orientation&quot;:&quot;0&quot;}\" data-image-title=\"aro medium\" data-image-description=\"\" data-image-caption=\"\" data-medium-file=\"https:\/\/i0.wp.com\/miplatafina.es\/blog\/wp-content\/uploads\/2019\/02\/aro-medium.jpg?fit=300%2C300\" data-large-file=\"https:\/\/i0.wp.com\/miplatafina.es\/blog\/wp-content\/uploads\/2019\/02\/aro-medium.jpg?fit=1024%2C1024\" class=\"wp-image-1023\" src=\"https:\/\/i0.wp.com\/miplatafina.es\/blog\/wp-content\/uploads\/2019\/02\/aro-medium.jpg?resize=1024%2C1024\" alt=\"\" srcset=\"https:\/\/i0.wp.com\/miplatafina.es\/blog\/wp-content\/uploads\/2019\/02\/aro-medium.jpg?resize=1024%2C1024 1024w, https:\/\/i0.wp.com\/miplatafina.es\/blog\/wp-content\/uploads\/2019\/02\/aro-medium.jpg?resize=150%2C150 150w, https:\/\/i0.wp.com\/miplatafina.es\/blog\/wp-content\/uploads\/2019\/02\/aro-medium.jpg?resize=300%2C300 300w, https:\/\/i0.wp.com\/miplatafina.es\/blog\/wp-content\/uploads\/2019\/02\/aro-medium.jpg?resize=768%2C769 768w, https:\/\/i0.wp.com\/miplatafina.es\/blog\/wp-content\/uploads\/2019\/02\/aro-medium.jpg?w=1417 1417w\" sizes=\"(max-width: 1024px) 100vw, 1024px\" \/><\/a><\/figure>\n\n<p style=\"text-align: right;\"><a href=\"https:\/\/www.miplatafina.es\/es\/san-valentin\/250-colgante-aro-medium-enamorados.html\"><em>Personaliza\u00a0el\u00a0Colgante Aro Medium.<\/em><\/a><\/p>\n\n<h2 class=\"wp-block-heading\" style=\"text-align: justify;\"><strong>PULSERA BANNER SNAKE<\/strong><\/h2>\n\n<p style=\"text-align: justify;\">Con una original <strong>cinta de nylon<\/strong> que imita a la piel de serpiente, <strong>disponible en azul, rosa, marr\u00f3n y gris<\/strong>, y una <strong>placa en plata de ley<\/strong> que permite <strong>personalizar<\/strong> con esa frase tan especial que define vuestra historia, la Pulsera Banner Snake tambi\u00e9n es una opci\u00f3n perfecta que seguro que le encantar\u00e1.<\/p>\n\n<figure class=\"wp-block-image\" style=\"text-align: justify;\"><a href=\"https:\/\/i0.wp.com\/miplatafina.es\/blog\/wp-content\/uploads\/2019\/02\/banner-snake.jpg\"><img data-recalc-dims=\"1\" loading=\"lazy\" decoding=\"async\" width=\"1024\" height=\"1024\" data-attachment-id=\"1024\" data-permalink=\"http:\/\/miplatafina.es\/blog\/banner-snake-3\/\" data-orig-file=\"https:\/\/i0.wp.com\/miplatafina.es\/blog\/wp-content\/uploads\/2019\/02\/banner-snake.jpg?fit=1417%2C1418\" data-orig-size=\"1417,1418\" data-comments-opened=\"1\" data-image-meta=\"{&quot;aperture&quot;:&quot;0&quot;,&quot;credit&quot;:&quot;usuario&quot;,&quot;camera&quot;:&quot;&quot;,&quot;caption&quot;:&quot;&quot;,&quot;created_timestamp&quot;:&quot;1549445490&quot;,&quot;copyright&quot;:&quot;&quot;,&quot;focal_length&quot;:&quot;0&quot;,&quot;iso&quot;:&quot;0&quot;,&quot;shutter_speed&quot;:&quot;0&quot;,&quot;title&quot;:&quot;&quot;,&quot;orientation&quot;:&quot;0&quot;}\" data-image-title=\"banner snake\" data-image-description=\"\" data-image-caption=\"\" data-medium-file=\"https:\/\/i0.wp.com\/miplatafina.es\/blog\/wp-content\/uploads\/2019\/02\/banner-snake.jpg?fit=300%2C300\" data-large-file=\"https:\/\/i0.wp.com\/miplatafina.es\/blog\/wp-content\/uploads\/2019\/02\/banner-snake.jpg?fit=1024%2C1024\" class=\"wp-image-1024\" src=\"https:\/\/i0.wp.com\/miplatafina.es\/blog\/wp-content\/uploads\/2019\/02\/banner-snake.jpg?resize=1024%2C1024\" alt=\"\" srcset=\"https:\/\/i0.wp.com\/miplatafina.es\/blog\/wp-content\/uploads\/2019\/02\/banner-snake.jpg?resize=1024%2C1024 1024w, https:\/\/i0.wp.com\/miplatafina.es\/blog\/wp-content\/uploads\/2019\/02\/banner-snake.jpg?resize=150%2C150 150w, https:\/\/i0.wp.com\/miplatafina.es\/blog\/wp-content\/uploads\/2019\/02\/banner-snake.jpg?resize=300%2C300 300w, https:\/\/i0.wp.com\/miplatafina.es\/blog\/wp-content\/uploads\/2019\/02\/banner-snake.jpg?resize=768%2C769 768w, https:\/\/i0.wp.com\/miplatafina.es\/blog\/wp-content\/uploads\/2019\/02\/banner-snake.jpg?w=1417 1417w\" sizes=\"(max-width: 1024px) 100vw, 1024px\" \/><\/a><\/figure>\n\n<p style=\"text-align: right;\"><a href=\"https:\/\/www.miplatafina.es\/es\/san-valentin\/243-pulsera-banner-snake-enamorados.html\"><em>Personaliza\u00a0la Pulsera Banner Snake.<\/em><\/a><\/p>\n\n<p style=\"text-align: justify;\">Y aqu\u00ed concluimos con nuestra selecci\u00f3n de regalos para sorprenderlo el 14 de Febrero. Te\u00a0animamos a ir a la\u00a0<a href=\"https:\/\/www.miplatafina.es\/es\/31-san-valentin\"><strong>colecci\u00f3n de San Valent\u00edn<\/strong>\u00a0<\/a>de nuestra web, donde descubrir\u00e1s m\u00e1s\u00a0<strong>joyas personalizables<\/strong>; y a seguirnos en nuestro Instagram, donde encontrar\u00e1s inspiraci\u00f3n para crear\u00a0<strong>joyas \u00fanicas.<\/strong><\/p>\n\n<p style=\"text-align: justify;\">Si tienes alguna duda sobre alg\u00fan modelo puedes contactar con nosotros en nuestro email\u00a0<a href=\"mailto:info@miplatafina.es\">info@miplatafina.es<\/a>\u00a0o a nuestro tel\u00e9fono 648 012 333.<\/p>\n\n<p style=\"text-align: justify;\"><a href=\"http:\/\/www.miplatafina.es\/\"><strong><em>Mi Plata Fina<\/em><\/strong><\/a><strong><em>, joyas que hablan de ti.<\/em><\/strong><\/p>","protected":false},"excerpt":{"rendered":"<p>Gu\u00eda de regalos de San Valent\u00edn para hombre. Descubre joyas \u00fanicas para personalizar y hacer el regalo m\u00e1s original el 14 de Febrero.<\/p>\n","protected":false},"author":1,"featured_media":1020,"comment_status":"open","ping_status":"open","sticky":false,"template":"","format":"standard","meta":{"jetpack_post_was_ever_published":false,"_jetpack_newsletter_access":"","_jetpack_dont_email_post_to_subs":false,"_jetpack_newsletter_tier_id":0,"_jetpack_memberships_contains_paywalled_content":false,"_jetpack_memberships_contains_paid_content":false,"footnotes":"","jetpack_publicize_message":"","jetpack_publicize_feature_enabled":true,"jetpack_social_post_already_shared":true,"jetpack_social_options":{"image_generator_settings":{"template":"highway","enabled":false},"version":2}},"categories":[31,1],"tags":[108,180,197,196,93,92,110,72,13,163,135],"class_list":["post-1028","post","type-post","status-publish","format-standard","has-post-thumbnail","hentry","category-inicio","category-joyas-personalizadas-para-cada-ocasion","tag-amor","tag-anillos","tag-collares","tag-joyas-hombre","tag-joyas-personalizadas","tag-joyas-que-hablan-de-ti","tag-mi-plata-fina","tag-pulseras","tag-regalos","tag-regalos-originales","tag-san-valentin"],"jetpack_publicize_connections":[],"yoast_head":"<!-- This site is optimized with the Yoast SEO plugin v25.6 - https:\/\/yoast.com\/wordpress\/plugins\/seo\/ -->\n<title>SAN VALENT\u00cdN: GU\u00cdA DE REGALOS PARA HOMBRE. - Mi plata fina<\/title>\n<meta name=\"robots\" content=\"index, follow, max-snippet:-1, max-image-preview:large, max-video-preview:-1\" \/>\n<link rel=\"canonical\" href=\"http:\/\/miplatafina.es\/blog\/ideas-regalos-hombre-san-valentin\/\" \/>\n<meta property=\"og:locale\" content=\"es_ES\" \/>\n<meta property=\"og:type\" content=\"article\" \/>\n<meta property=\"og:title\" content=\"SAN VALENT\u00cdN: GU\u00cdA DE REGALOS PARA HOMBRE. - Mi plata fina\" \/>\n<meta property=\"og:description\" content=\"Gu\u00eda de regalos de San Valent\u00edn para hombre. Descubre joyas \u00fanicas para personalizar y hacer el regalo m\u00e1s original el 14 de Febrero.\" \/>\n<meta property=\"og:url\" content=\"http:\/\/miplatafina.es\/blog\/ideas-regalos-hombre-san-valentin\/\" \/>\n<meta property=\"og:site_name\" content=\"Mi plata fina\" \/>\n<meta property=\"article:published_time\" content=\"2019-02-06T12:35:39+00:00\" \/>\n<meta property=\"article:modified_time\" content=\"2019-07-03T15:04:36+00:00\" \/>\n<meta property=\"og:image\" content=\"http:\/\/miplatafina.es\/blog\/wp-content\/uploads\/2019\/02\/10209-1024x683.jpg\" \/>\n\t<meta property=\"og:image:width\" content=\"1024\" \/>\n\t<meta property=\"og:image:height\" content=\"683\" \/>\n\t<meta property=\"og:image:type\" content=\"image\/jpeg\" \/>\n<meta name=\"author\" content=\"admin\" \/>\n<meta name=\"twitter:card\" content=\"summary_large_image\" \/>\n<meta name=\"twitter:label1\" content=\"Escrito por\" \/>\n\t<meta name=\"twitter:data1\" content=\"admin\" \/>\n\t<meta name=\"twitter:label2\" content=\"Tiempo de lectura\" \/>\n\t<meta name=\"twitter:data2\" content=\"3 minutos\" \/>\n<script type=\"application\/ld+json\" class=\"yoast-schema-graph\">{\"@context\":\"https:\/\/schema.org\",\"@graph\":[{\"@type\":\"WebPage\",\"@id\":\"http:\/\/miplatafina.es\/blog\/ideas-regalos-hombre-san-valentin\/\",\"url\":\"http:\/\/miplatafina.es\/blog\/ideas-regalos-hombre-san-valentin\/\",\"name\":\"SAN VALENT\u00cdN: GU\u00cdA DE REGALOS PARA HOMBRE. - Mi plata fina\",\"isPartOf\":{\"@id\":\"http:\/\/miplatafina.es\/blog\/#website\"},\"primaryImageOfPage\":{\"@id\":\"http:\/\/miplatafina.es\/blog\/ideas-regalos-hombre-san-valentin\/#primaryimage\"},\"image\":{\"@id\":\"http:\/\/miplatafina.es\/blog\/ideas-regalos-hombre-san-valentin\/#primaryimage\"},\"thumbnailUrl\":\"https:\/\/i0.wp.com\/miplatafina.es\/blog\/wp-content\/uploads\/2019\/02\/10209.jpg?fit=3500%2C2333\",\"datePublished\":\"2019-02-06T12:35:39+00:00\",\"dateModified\":\"2019-07-03T15:04:36+00:00\",\"author\":{\"@id\":\"http:\/\/miplatafina.es\/blog\/#\/schema\/person\/cb5cc8d28f4ff371fda7bf98ab6ed0f0\"},\"breadcrumb\":{\"@id\":\"http:\/\/miplatafina.es\/blog\/ideas-regalos-hombre-san-valentin\/#breadcrumb\"},\"inLanguage\":\"es\",\"potentialAction\":[{\"@type\":\"ReadAction\",\"target\":[\"http:\/\/miplatafina.es\/blog\/ideas-regalos-hombre-san-valentin\/\"]}]},{\"@type\":\"ImageObject\",\"inLanguage\":\"es\",\"@id\":\"http:\/\/miplatafina.es\/blog\/ideas-regalos-hombre-san-valentin\/#primaryimage\",\"url\":\"https:\/\/i0.wp.com\/miplatafina.es\/blog\/wp-content\/uploads\/2019\/02\/10209.jpg?fit=3500%2C2333\",\"contentUrl\":\"https:\/\/i0.wp.com\/miplatafina.es\/blog\/wp-content\/uploads\/2019\/02\/10209.jpg?fit=3500%2C2333\",\"width\":3500,\"height\":2333,\"caption\":\"Couple embracing at home\"},{\"@type\":\"BreadcrumbList\",\"@id\":\"http:\/\/miplatafina.es\/blog\/ideas-regalos-hombre-san-valentin\/#breadcrumb\",\"itemListElement\":[{\"@type\":\"ListItem\",\"position\":1,\"name\":\"Portada\",\"item\":\"http:\/\/miplatafina.es\/blog\/\"},{\"@type\":\"ListItem\",\"position\":2,\"name\":\"INICIO\",\"item\":\"http:\/\/miplatafina.es\/blog\/category\/inicio\/\"},{\"@type\":\"ListItem\",\"position\":3,\"name\":\"JOYAS PARA CADA OCASI\u00d3N\",\"item\":\"http:\/\/miplatafina.es\/blog\/category\/inicio\/joyas-personalizadas-para-cada-ocasion\/\"},{\"@type\":\"ListItem\",\"position\":4,\"name\":\"SAN VALENT\u00cdN: GU\u00cdA DE REGALOS PARA HOMBRE.\"}]},{\"@type\":\"WebSite\",\"@id\":\"http:\/\/miplatafina.es\/blog\/#website\",\"url\":\"http:\/\/miplatafina.es\/blog\/\",\"name\":\"Mi plata fina\",\"description\":\"Joyas que hablan de ti\",\"potentialAction\":[{\"@type\":\"SearchAction\",\"target\":{\"@type\":\"EntryPoint\",\"urlTemplate\":\"http:\/\/miplatafina.es\/blog\/?s={search_term_string}\"},\"query-input\":{\"@type\":\"PropertyValueSpecification\",\"valueRequired\":true,\"valueName\":\"search_term_string\"}}],\"inLanguage\":\"es\"},{\"@type\":\"Person\",\"@id\":\"http:\/\/miplatafina.es\/blog\/#\/schema\/person\/cb5cc8d28f4ff371fda7bf98ab6ed0f0\",\"name\":\"admin\",\"image\":{\"@type\":\"ImageObject\",\"inLanguage\":\"es\",\"@id\":\"http:\/\/miplatafina.es\/blog\/#\/schema\/person\/image\/\",\"url\":\"http:\/\/1.gravatar.com\/avatar\/a240cb535b85bdc63241906cd2769adf?s=96&d=mm&r=g\",\"contentUrl\":\"http:\/\/1.gravatar.com\/avatar\/a240cb535b85bdc63241906cd2769adf?s=96&d=mm&r=g\",\"caption\":\"admin\"},\"url\":\"http:\/\/miplatafina.es\/blog\/author\/admin\/\"}]}<\/script>\n<!-- \/ Yoast SEO plugin. -->","yoast_head_json":{"title":"SAN VALENT\u00cdN: GU\u00cdA DE REGALOS PARA HOMBRE. - Mi plata fina","robots":{"index":"index","follow":"follow","max-snippet":"max-snippet:-1","max-image-preview":"max-image-preview:large","max-video-preview":"max-video-preview:-1"},"canonical":"http:\/\/miplatafina.es\/blog\/ideas-regalos-hombre-san-valentin\/","og_locale":"es_ES","og_type":"article","og_title":"SAN VALENT\u00cdN: GU\u00cdA DE REGALOS PARA HOMBRE. - Mi plata fina","og_description":"Gu\u00eda de regalos de San Valent\u00edn para hombre. Descubre joyas \u00fanicas para personalizar y hacer el regalo m\u00e1s original el 14 de Febrero.","og_url":"http:\/\/miplatafina.es\/blog\/ideas-regalos-hombre-san-valentin\/","og_site_name":"Mi plata fina","article_published_time":"2019-02-06T12:35:39+00:00","article_modified_time":"2019-07-03T15:04:36+00:00","og_image":[{"width":1024,"height":683,"url":"http:\/\/miplatafina.es\/blog\/wp-content\/uploads\/2019\/02\/10209-1024x683.jpg","type":"image\/jpeg"}],"author":"admin","twitter_card":"summary_large_image","twitter_misc":{"Escrito por":"admin","Tiempo de lectura":"3 minutos"},"schema":{"@context":"https:\/\/schema.org","@graph":[{"@type":"WebPage","@id":"http:\/\/miplatafina.es\/blog\/ideas-regalos-hombre-san-valentin\/","url":"http:\/\/miplatafina.es\/blog\/ideas-regalos-hombre-san-valentin\/","name":"SAN VALENT\u00cdN: GU\u00cdA DE REGALOS PARA HOMBRE. - Mi plata fina","isPartOf":{"@id":"http:\/\/miplatafina.es\/blog\/#website"},"primaryImageOfPage":{"@id":"http:\/\/miplatafina.es\/blog\/ideas-regalos-hombre-san-valentin\/#primaryimage"},"image":{"@id":"http:\/\/miplatafina.es\/blog\/ideas-regalos-hombre-san-valentin\/#primaryimage"},"thumbnailUrl":"https:\/\/i0.wp.com\/miplatafina.es\/blog\/wp-content\/uploads\/2019\/02\/10209.jpg?fit=3500%2C2333","datePublished":"2019-02-06T12:35:39+00:00","dateModified":"2019-07-03T15:04:36+00:00","author":{"@id":"http:\/\/miplatafina.es\/blog\/#\/schema\/person\/cb5cc8d28f4ff371fda7bf98ab6ed0f0"},"breadcrumb":{"@id":"http:\/\/miplatafina.es\/blog\/ideas-regalos-hombre-san-valentin\/#breadcrumb"},"inLanguage":"es","potentialAction":[{"@type":"ReadAction","target":["http:\/\/miplatafina.es\/blog\/ideas-regalos-hombre-san-valentin\/"]}]},{"@type":"ImageObject","inLanguage":"es","@id":"http:\/\/miplatafina.es\/blog\/ideas-regalos-hombre-san-valentin\/#primaryimage","url":"https:\/\/i0.wp.com\/miplatafina.es\/blog\/wp-content\/uploads\/2019\/02\/10209.jpg?fit=3500%2C2333","contentUrl":"https:\/\/i0.wp.com\/miplatafina.es\/blog\/wp-content\/uploads\/2019\/02\/10209.jpg?fit=3500%2C2333","width":3500,"height":2333,"caption":"Couple embracing at home"},{"@type":"BreadcrumbList","@id":"http:\/\/miplatafina.es\/blog\/ideas-regalos-hombre-san-valentin\/#breadcrumb","itemListElement":[{"@type":"ListItem","position":1,"name":"Portada","item":"http:\/\/miplatafina.es\/blog\/"},{"@type":"ListItem","position":2,"name":"INICIO","item":"http:\/\/miplatafina.es\/blog\/category\/inicio\/"},{"@type":"ListItem","position":3,"name":"JOYAS PARA CADA OCASI\u00d3N","item":"http:\/\/miplatafina.es\/blog\/category\/inicio\/joyas-personalizadas-para-cada-ocasion\/"},{"@type":"ListItem","position":4,"name":"SAN VALENT\u00cdN: GU\u00cdA DE REGALOS PARA HOMBRE."}]},{"@type":"WebSite","@id":"http:\/\/miplatafina.es\/blog\/#website","url":"http:\/\/miplatafina.es\/blog\/","name":"Mi plata fina","description":"Joyas que hablan de ti","potentialAction":[{"@type":"SearchAction","target":{"@type":"EntryPoint","urlTemplate":"http:\/\/miplatafina.es\/blog\/?s={search_term_string}"},"query-input":{"@type":"PropertyValueSpecification","valueRequired":true,"valueName":"search_term_string"}}],"inLanguage":"es"},{"@type":"Person","@id":"http:\/\/miplatafina.es\/blog\/#\/schema\/person\/cb5cc8d28f4ff371fda7bf98ab6ed0f0","name":"admin","image":{"@type":"ImageObject","inLanguage":"es","@id":"http:\/\/miplatafina.es\/blog\/#\/schema\/person\/image\/","url":"http:\/\/1.gravatar.com\/avatar\/a240cb535b85bdc63241906cd2769adf?s=96&d=mm&r=g","contentUrl":"http:\/\/1.gravatar.com\/avatar\/a240cb535b85bdc63241906cd2769adf?s=96&d=mm&r=g","caption":"admin"},"url":"http:\/\/miplatafina.es\/blog\/author\/admin\/"}]}},"jetpack_featured_media_url":"https:\/\/i0.wp.com\/miplatafina.es\/blog\/wp-content\/uploads\/2019\/02\/10209.jpg?fit=3500%2C2333","jetpack_sharing_enabled":true,"jetpack_shortlink":"https:\/\/wp.me\/p9j6Jz-gA","jetpack_likes_enabled":true,"jetpack-related-posts":[],"_links":{"self":[{"href":"http:\/\/miplatafina.es\/blog\/wp-json\/wp\/v2\/posts\/1028"}],"collection":[{"href":"http:\/\/miplatafina.es\/blog\/wp-json\/wp\/v2\/posts"}],"about":[{"href":"http:\/\/miplatafina.es\/blog\/wp-json\/wp\/v2\/types\/post"}],"author":[{"embeddable":true,"href":"http:\/\/miplatafina.es\/blog\/wp-json\/wp\/v2\/users\/1"}],"replies":[{"embeddable":true,"href":"http:\/\/miplatafina.es\/blog\/wp-json\/wp\/v2\/comments?post=1028"}],"version-history":[{"count":3,"href":"http:\/\/miplatafina.es\/blog\/wp-json\/wp\/v2\/posts\/1028\/revisions"}],"predecessor-version":[{"id":1032,"href":"http:\/\/miplatafina.es\/blog\/wp-json\/wp\/v2\/posts\/1028\/revisions\/1032"}],"wp:featuredmedia":[{"embeddable":true,"href":"http:\/\/miplatafina.es\/blog\/wp-json\/wp\/v2\/media\/1020"}],"wp:attachment":[{"href":"http:\/\/miplatafina.es\/blog\/wp-json\/wp\/v2\/media?parent=1028"}],"wp:term":[{"taxonomy":"category","embeddable":true,"href":"http:\/\/miplatafina.es\/blog\/wp-json\/wp\/v2\/categories?post=1028"},{"taxonomy":"post_tag","embeddable":true,"href":"http:\/\/miplatafina.es\/blog\/wp-json\/wp\/v2\/tags?post=1028"}],"curies":[{"name":"wp","href":"https:\/\/api.w.org\/{rel}","templated":true}]}}