{"id":1396,"date":"2019-11-06T13:33:14","date_gmt":"2019-11-06T13:33:14","guid":{"rendered":"http:\/\/miplatafina.es\/blog\/?p=1396"},"modified":"2019-11-06T18:21:22","modified_gmt":"2019-11-06T18:21:22","slug":"fina-bastias-disenadora-de-joyas","status":"publish","type":"post","link":"http:\/\/miplatafina.es\/blog\/fina-bastias-disenadora-de-joyas\/","title":{"rendered":"Entrevista a Fina Bast\u00edas, dise\u00f1adora de Joyas"},"content":{"rendered":"\n<p>Fina Bast\u00edas, es de Barcelona y lleva m\u00e1s 4 de a\u00f1os, dedic\u00e1ndose al <strong>dise\u00f1o de joyas<\/strong> para la firma Mi Plata Fina.<\/p>\n\n\n\n<p>La dise\u00f1adora de joyas nos habla de c\u00f3mo es su d\u00eda a d\u00eda dise\u00f1ando las nuevas piezas de la marca y nos cuenta todos los secretos de su nueva colecci\u00f3n Roma, para mujeres imperiales.<\/p>\n\n\n\n<div class=\"wp-block-image\"><figure class=\"aligncenter\"><img data-recalc-dims=\"1\" loading=\"lazy\" decoding=\"async\" width=\"400\" height=\"267\" data-attachment-id=\"1397\" data-permalink=\"http:\/\/miplatafina.es\/blog\/fina-bastias-disenadora-de-joyas\/fina-mini\/\" data-orig-file=\"https:\/\/i0.wp.com\/miplatafina.es\/blog\/wp-content\/uploads\/2019\/11\/fina-mini.jpeg?fit=400%2C267\" data-orig-size=\"400,267\" data-comments-opened=\"1\" data-image-meta=\"{&quot;aperture&quot;:&quot;0&quot;,&quot;credit&quot;:&quot;&quot;,&quot;camera&quot;:&quot;&quot;,&quot;caption&quot;:&quot;&quot;,&quot;created_timestamp&quot;:&quot;0&quot;,&quot;copyright&quot;:&quot;&quot;,&quot;focal_length&quot;:&quot;0&quot;,&quot;iso&quot;:&quot;0&quot;,&quot;shutter_speed&quot;:&quot;0&quot;,&quot;title&quot;:&quot;&quot;,&quot;orientation&quot;:&quot;0&quot;}\" data-image-title=\"Fina Bast\u00edas | Dise\u00f1adora de Joyas\" data-image-description=\"\" data-image-caption=\"&lt;p&gt;Fina Bast\u00edas, dise\u00f1adora de Joyas en el Taller de Mi Plata Fina&lt;\/p&gt;\n\" data-medium-file=\"https:\/\/i0.wp.com\/miplatafina.es\/blog\/wp-content\/uploads\/2019\/11\/fina-mini.jpeg?fit=300%2C200\" data-large-file=\"https:\/\/i0.wp.com\/miplatafina.es\/blog\/wp-content\/uploads\/2019\/11\/fina-mini.jpeg?fit=400%2C267\" src=\"https:\/\/i0.wp.com\/miplatafina.es\/blog\/wp-content\/uploads\/2019\/11\/fina-mini.jpeg?resize=400%2C267\" alt=\"Fina Bast\u00edas | Dise\u00f1adora de Joyas\" class=\"wp-image-1397\" srcset=\"https:\/\/i0.wp.com\/miplatafina.es\/blog\/wp-content\/uploads\/2019\/11\/fina-mini.jpeg?w=400 400w, https:\/\/i0.wp.com\/miplatafina.es\/blog\/wp-content\/uploads\/2019\/11\/fina-mini.jpeg?resize=300%2C200 300w\" sizes=\"(max-width: 400px) 100vw, 400px\" \/><figcaption>Fina Bast\u00edas, dise\u00f1adora de Joyas en el Taller de Mi Plata Fina<\/figcaption><\/figure><\/div>\n\n\n\n<div style=\"height:20px\" aria-hidden=\"true\" class=\"wp-block-spacer\"><\/div>\n\n\n\n<p><strong>\u00bfC\u00f3mo te iniciaste en el dise\u00f1o de joyas?<\/strong><\/p>\n\n\n\n<p><em>Siempre me ha apasionado la moda y sus tendencias pero la influencia se debe a mi<strong> familia de artesanos orfebres<\/strong>. Ellos fueron el detonante de mi pasi\u00f3n por las joyas.<\/em><\/p>\n\n\n\n<div style=\"height:20px\" aria-hidden=\"true\" class=\"wp-block-spacer\"><\/div>\n\n\n\n<p><strong>\u00bfQu\u00e9 es lo que m\u00e1s te gusta de ser dise\u00f1adora de joyas?<\/strong><\/p>\n\n\n\n<p><em>Poder desarrollar, d\u00eda a d\u00eda, la parte creativa de m\u00ed misma; buscando la inspiraci\u00f3n en la tendencia actual<\/em> <em>y adapt\u00e1ndola a <strong>mi propia esencia y estilo<\/strong><\/em>.<br><\/p>\n\n\n\n<div style=\"height:20px\" aria-hidden=\"true\" class=\"wp-block-spacer\"><\/div>\n\n\n\n<p><strong>\u00bfC\u00f3mo quieres que se sientan las mujeres y hombres al llevar tus joyas?<\/strong><\/p>\n\n\n\n<p><em>Me gusta que cada persona tenga <\/em><strong><em>la sensaci\u00f3n de llevar consigo no s\u00f3lo joyas, sino sentimientos, emociones o recuerdos \u00fanicos<\/em><\/strong>. <\/p>\n\n\n\n<p><em>Me encanta que tantas personas conf\u00eden en Mi Plata Fina para plasmar su historia y que compartan con nosotros <strong>un pedacito de su vida,<\/strong> que grabamos para siempre en una pieza.<\/em><\/p>\n\n\n\n<p><em>Un nombre, una frase, una dedicatoria especial. Incluso, hay madres o padres que han grabado el <strong>dibujo de sus hijos en una joya<\/strong>. Son recuerdos que perduran siempre y es m\u00e1gico formar parte de ello.<\/em><\/p>\n\n\n\n<p><em>E intento imaginar la cara que pondr\u00e1 aquella persona que recibe un regalo con un mensaje especial. Tiene que ser un <strong>momento \u00fanico.<\/strong><\/em><\/p>\n\n\n\n<div style=\"height:20px\" aria-hidden=\"true\" class=\"wp-block-spacer\"><\/div>\n\n\n\n<p><strong>\u00bfD\u00f3nde encuentras la inspiraci\u00f3n para dise\u00f1ar una nueva colecci\u00f3n?<\/strong><\/p>\n\n\n\n<p><em>Un viaje, un momento, una circunstancia, nunca s\u00e9 cu\u00e1ndo ni d\u00f3nde\u2026, hasta que llega la inspiraci\u00f3n y tienes claro que algo va a empezar. Cuando la idea ya est\u00e1 en mi cabeza, todo fluye y una nueva colecci\u00f3n cobra vida.<\/em><\/p>\n\n\n\n<div style=\"height:20px\" aria-hidden=\"true\" class=\"wp-block-spacer\"><\/div>\n\n\n\n<p><strong>\u00bfCu\u00e1l es tu mayor reto al crear una nueva colecci\u00f3n?<\/strong><\/p>\n\n\n\n<p><em>Mi mayor reto es lanzar una colecci\u00f3n <strong>actual pero a la vez vers\u00e1til<\/strong>. No siempre la actualidad va de la mano con <strong>mi propio estilo<\/strong>, con el estilo de Mi Plata Fina. <\/em><\/p>\n\n\n\n<p><em>Por eso, no se trata solo de cazar una tendencia de moda y replicarla en una colecci\u00f3n de joyas. <\/em><\/p>\n\n\n\n<p><em>Mi trabajo como creativa va m\u00e1s all\u00e1 y lo que trato es de reinterpretarla, de <strong>adaptarla a la esencia de la firma<\/strong>.<\/em><\/p>\n\n\n\n<p><em>Nosotros dise\u00f1amos para hombres y mujeres que apuestan por el dise\u00f1o y por la actualidad pero tambi\u00e9n por piezas atemporales, que te acompa\u00f1an siempre.<\/em> <em>No tendr\u00eda sentido para m\u00ed dise\u00f1ar una colecci\u00f3n pensando que son joyas para lucir una \u00fanica temporada<\/em><\/p>\n\n\n\n<p><em>Y siempre, poniendo \u00e9nfasis en lo que nos hace tan especiales como marca; la importancia y la originalidad de <strong>poder personalizar por el cliente y para el cliente<\/strong>. Esta es la combinaci\u00f3n perfecta de nuestra <\/em><strong><em>joyer\u00eda online<\/em><\/strong><em>: dise\u00f1o &amp; personalizaci\u00f3n.<\/em><\/p>\n\n\n\n<div style=\"height:20px\" aria-hidden=\"true\" class=\"wp-block-spacer\"><\/div>\n\n\n\n<p><strong>\u00bfA qu\u00e9 se debe el concepto \u201cMujeres Imperiales\u201d? <\/strong><\/p>\n\n\n\n<p><em>La tendencia del eslab\u00f3n, en su versi\u00f3n m\u00e1s maximalista, es ahora mismo el foco.<\/em><\/p>\n\n\n\n<p><em>Desde un primer momento<strong> los eslabones me conquistaron<\/strong>, un elemento muy propio de las d\u00e9cadas de los 80&#8217;s y 90&#8217;s que ahora vuelve a estar presentes en los street styles y en las colecciones de las principales firmas de moda.<\/em><\/p>\n\n\n\n<p><em>Pero m\u00e1s all\u00e1 de la moda y de \u00ablo bonito\u00bb, el eslab\u00f3n es un elemento que para m\u00ed tiene un significado muy potente.<\/em><\/p>\n\n\n\n<p><em>Los eslabones son piezas que al unirse entre s\u00ed forman una cadena. A todos nos viene a la mente Roma, como fuente de origen de esta pieza y yo me quise inspirar en las <\/em><strong><em>antiguas mujeres del Imperio Romano<\/em><\/strong><em>. Mujeres que, desde la invisibilidad que le daba su condici\u00f3n de ser mujer, fueron una parte fundamental en el levantamiento de un gran imperio.<\/em><\/p>\n\n\n\n<p><em>A d\u00eda de hoy, la historia se repite y <strong>las mujeres actuales somos eslabones<\/strong>. Somos esa pieza que une, formando una cadena de armon\u00eda que entrelaza familia y trabajo para construir y levantar nuestro propio imperio.<\/em><\/p>\n\n\n\n<p><em>Por eso la colecci\u00f3n est\u00e1 dirigida a estas <\/em><strong><em>mujeres imperiales<\/em><\/strong><em> que, igual que un eslab\u00f3n, simbolizan la fuerza y la uni\u00f3n de nuestra sociedad.<\/em><\/p>\n\n\n\n<div style=\"height:20px\" aria-hidden=\"true\" class=\"wp-block-spacer\"><\/div>\n\n\n\n<p><strong>\u00bfCu\u00e1l es tu pieza preferida de esta nueva colecci\u00f3n?<\/strong><\/p>\n\n\n\n<p><em>Cada momento prefiere una pieza diferente, pero el <strong><a href=\"https:\/\/www.miplatafina.es\/es\/coleccion-roma\/658-colgante-gala-plata.html\">Colgante Gala<\/a><\/strong> es la joya que llevar\u00eda siempre.<\/em><\/p>\n\n\n\n<div class=\"wp-block-image\"><figure class=\"aligncenter is-resized\"><a href=\"https:\/\/www.miplatafina.es\/es\/coleccion-roma\/658-colgante-gala-plata.html\"><img data-recalc-dims=\"1\" loading=\"lazy\" decoding=\"async\" data-attachment-id=\"1343\" data-permalink=\"http:\/\/miplatafina.es\/blog\/gala\/\" data-orig-file=\"https:\/\/i0.wp.com\/miplatafina.es\/blog\/wp-content\/uploads\/2019\/10\/gala.png?fit=800%2C800\" data-orig-size=\"800,800\" data-comments-opened=\"1\" data-image-meta=\"{&quot;aperture&quot;:&quot;0&quot;,&quot;credit&quot;:&quot;&quot;,&quot;camera&quot;:&quot;&quot;,&quot;caption&quot;:&quot;&quot;,&quot;created_timestamp&quot;:&quot;0&quot;,&quot;copyright&quot;:&quot;&quot;,&quot;focal_length&quot;:&quot;0&quot;,&quot;iso&quot;:&quot;0&quot;,&quot;shutter_speed&quot;:&quot;0&quot;,&quot;title&quot;:&quot;&quot;,&quot;orientation&quot;:&quot;0&quot;}\" data-image-title=\"Collares Eslabones | Colgantes Eslabones\" data-image-description=\"\" data-image-caption=\"\" data-medium-file=\"https:\/\/i0.wp.com\/miplatafina.es\/blog\/wp-content\/uploads\/2019\/10\/gala.png?fit=300%2C300\" data-large-file=\"https:\/\/i0.wp.com\/miplatafina.es\/blog\/wp-content\/uploads\/2019\/10\/gala.png?fit=800%2C800\" src=\"https:\/\/i0.wp.com\/miplatafina.es\/blog\/wp-content\/uploads\/2019\/10\/gala.png?resize=238%2C238\" alt=\"Collares Eslabones | Colgantes Eslabones\" class=\"wp-image-1343\" width=\"238\" height=\"238\" srcset=\"https:\/\/i0.wp.com\/miplatafina.es\/blog\/wp-content\/uploads\/2019\/10\/gala.png?w=800 800w, https:\/\/i0.wp.com\/miplatafina.es\/blog\/wp-content\/uploads\/2019\/10\/gala.png?resize=150%2C150 150w, https:\/\/i0.wp.com\/miplatafina.es\/blog\/wp-content\/uploads\/2019\/10\/gala.png?resize=300%2C300 300w, https:\/\/i0.wp.com\/miplatafina.es\/blog\/wp-content\/uploads\/2019\/10\/gala.png?resize=768%2C768 768w\" sizes=\"(max-width: 238px) 100vw, 238px\" \/><\/a><\/figure><\/div>\n\n\n\n<div style=\"height:20px\" aria-hidden=\"true\" class=\"wp-block-spacer\"><\/div>\n\n\n\n<p><strong>\u00bfCu\u00e1les son tus materiales favoritos al dise\u00f1ar joyas? <\/strong><\/p>\n\n\n\n<p><em>No me gusta tener l\u00edmites a la hora de usar diferentes materiales, plata, perlas, piedras semipreciosas. Cuidar la calidad y el acabado de nuestras piezas, es siempre mi prioridad.&nbsp;<\/em><\/p>\n\n\n\n<div style=\"height:20px\" aria-hidden=\"true\" class=\"wp-block-spacer\"><\/div>\n\n\n\n<p><strong>\u00bfQu\u00e9 consejo dar\u00edas a chicas j\u00f3venes que quieren comenzar una carrera de dise\u00f1o de joyas?<\/strong><\/p>\n\n\n\n<p><em>Que dejen fluir su <strong>inspiraci\u00f3n y creatividad<\/strong>, que prueben cosas y sepan arriesgar, al final, si hay vocaci\u00f3n , trabajo y constancia, encuentras tu esencia.&nbsp;<\/em><\/p>\n\n\n\n<p style=\"text-align:center\" class=\"has-background has-medium-font-size has-cyan-bluish-gray-background-color\"><strong>Descubre la colecci\u00f3n Colecci\u00f3n Roma<\/strong>,<strong> para mujeres imperiales<\/strong><\/p>\n\n\n\n<p style=\"text-align:center\" class=\"has-background has-medium-font-size has-cyan-bluish-gray-background-color\"><strong><\/strong><\/p>\n\n\n\n<p><br><\/p>\n\n\n\n<div class=\"wp-block-image\"><figure class=\"aligncenter is-resized\"><img data-recalc-dims=\"1\" loading=\"lazy\" decoding=\"async\" data-attachment-id=\"1398\" data-permalink=\"http:\/\/miplatafina.es\/blog\/fina-bastias-disenadora-de-joyas\/img_6007\/\" data-orig-file=\"https:\/\/i0.wp.com\/miplatafina.es\/blog\/wp-content\/uploads\/2019\/11\/IMG_6007.jpg?fit=254%2C301\" data-orig-size=\"254,301\" data-comments-opened=\"1\" data-image-meta=\"{&quot;aperture&quot;:&quot;0&quot;,&quot;credit&quot;:&quot;&quot;,&quot;camera&quot;:&quot;&quot;,&quot;caption&quot;:&quot;??????????&quot;,&quot;created_timestamp&quot;:&quot;1570557947&quot;,&quot;copyright&quot;:&quot;&quot;,&quot;focal_length&quot;:&quot;0&quot;,&quot;iso&quot;:&quot;0&quot;,&quot;shutter_speed&quot;:&quot;0&quot;,&quot;title&quot;:&quot;&quot;,&quot;orientation&quot;:&quot;0&quot;}\" data-image-title=\"IMG_6007\" data-image-description=\"\" data-image-caption=\"&lt;p&gt;??????????&lt;\/p&gt;\n\" data-medium-file=\"https:\/\/i0.wp.com\/miplatafina.es\/blog\/wp-content\/uploads\/2019\/11\/IMG_6007.jpg?fit=253%2C300\" data-large-file=\"https:\/\/i0.wp.com\/miplatafina.es\/blog\/wp-content\/uploads\/2019\/11\/IMG_6007.jpg?fit=254%2C301\" src=\"https:\/\/i0.wp.com\/miplatafina.es\/blog\/wp-content\/uploads\/2019\/11\/IMG_6007.jpg?resize=270%2C320\" alt=\"\" class=\"wp-image-1398\" width=\"270\" height=\"320\" srcset=\"https:\/\/i0.wp.com\/miplatafina.es\/blog\/wp-content\/uploads\/2019\/11\/IMG_6007.jpg?w=254 254w, https:\/\/i0.wp.com\/miplatafina.es\/blog\/wp-content\/uploads\/2019\/11\/IMG_6007.jpg?resize=253%2C300 253w\" sizes=\"(max-width: 270px) 100vw, 270px\" \/><figcaption>Fina Bast\u00edas, en el shooting de su nueva colecci\u00f3n Roma, de Mi Plata Fina<\/figcaption><\/figure><\/div>\n","protected":false},"excerpt":{"rendered":"<p>Fina Bast\u00edas, es de Barcelona y lleva m\u00e1s 4 de a\u00f1os, dedic\u00e1ndose al dise\u00f1o de joyas para la firma Mi Plata Fina. La dise\u00f1adora de joyas nos habla de c\u00f3mo es su d\u00eda a d\u00eda dise\u00f1ando las nuevas piezas de la marca y nos cuenta&nbsp;<a class=\"read-more\" href=\"http:\/\/miplatafina.es\/blog\/fina-bastias-disenadora-de-joyas\/\">&hellip;<\/a><\/p>\n","protected":false},"author":1,"featured_media":1397,"comment_status":"open","ping_status":"open","sticky":false,"template":"","format":"standard","meta":{"jetpack_post_was_ever_published":false,"_jetpack_newsletter_access":"","_jetpack_dont_email_post_to_subs":false,"_jetpack_newsletter_tier_id":0,"_jetpack_memberships_contains_paywalled_content":false,"_jetpack_memberships_contains_paid_content":false,"footnotes":"","jetpack_publicize_message":"","jetpack_publicize_feature_enabled":true,"jetpack_social_post_already_shared":true,"jetpack_social_options":{"image_generator_settings":{"template":"highway","enabled":false},"version":2}},"categories":[55],"tags":[223,226,225,224],"class_list":["post-1396","post","type-post","status-publish","format-standard","has-post-thumbnail","hentry","category-lifestyle","tag-disenadora-de-joyas","tag-diseno-de-joyas","tag-fina-bastias","tag-joyas-con-eslabones"],"jetpack_publicize_connections":[],"yoast_head":"<!-- This site is optimized with the Yoast SEO plugin v25.6 - https:\/\/yoast.com\/wordpress\/plugins\/seo\/ -->\n<title>Entrevista a Fina Bast\u00edas, dise\u00f1adora de Joyas - Mi plata fina<\/title>\n<meta name=\"description\" content=\"Descubre a Fina Bast\u00edas, dise\u00f1adora de joyas de la joyer\u00eda online Mi Plata Fina. Los secretos de su nueva colecci\u00f3n Roma, joyas de eslabones.\" \/>\n<meta name=\"robots\" content=\"index, follow, max-snippet:-1, max-image-preview:large, max-video-preview:-1\" \/>\n<link rel=\"canonical\" href=\"http:\/\/miplatafina.es\/blog\/fina-bastias-disenadora-de-joyas\/\" \/>\n<meta property=\"og:locale\" content=\"es_ES\" \/>\n<meta property=\"og:type\" content=\"article\" \/>\n<meta property=\"og:title\" content=\"Entrevista a Fina Bast\u00edas, dise\u00f1adora de Joyas - Mi plata fina\" \/>\n<meta property=\"og:description\" content=\"Descubre a Fina Bast\u00edas, dise\u00f1adora de joyas de la joyer\u00eda online Mi Plata Fina. Los secretos de su nueva colecci\u00f3n Roma, joyas de eslabones.\" \/>\n<meta property=\"og:url\" content=\"http:\/\/miplatafina.es\/blog\/fina-bastias-disenadora-de-joyas\/\" \/>\n<meta property=\"og:site_name\" content=\"Mi plata fina\" \/>\n<meta property=\"article:published_time\" content=\"2019-11-06T13:33:14+00:00\" \/>\n<meta property=\"article:modified_time\" content=\"2019-11-06T18:21:22+00:00\" \/>\n<meta property=\"og:image\" content=\"https:\/\/i0.wp.com\/miplatafina.es\/blog\/wp-content\/uploads\/2019\/11\/fina-mini.jpeg?fit=400%2C267\" \/>\n\t<meta property=\"og:image:width\" content=\"400\" \/>\n\t<meta property=\"og:image:height\" content=\"267\" \/>\n\t<meta property=\"og:image:type\" content=\"image\/jpeg\" \/>\n<meta name=\"author\" content=\"admin\" \/>\n<meta name=\"twitter:card\" content=\"summary_large_image\" \/>\n<meta name=\"twitter:label1\" content=\"Escrito por\" \/>\n\t<meta name=\"twitter:data1\" content=\"admin\" \/>\n\t<meta name=\"twitter:label2\" content=\"Tiempo de lectura\" \/>\n\t<meta name=\"twitter:data2\" content=\"4 minutos\" \/>\n<script type=\"application\/ld+json\" class=\"yoast-schema-graph\">{\"@context\":\"https:\/\/schema.org\",\"@graph\":[{\"@type\":\"WebPage\",\"@id\":\"http:\/\/miplatafina.es\/blog\/fina-bastias-disenadora-de-joyas\/\",\"url\":\"http:\/\/miplatafina.es\/blog\/fina-bastias-disenadora-de-joyas\/\",\"name\":\"Entrevista a Fina Bast\u00edas, dise\u00f1adora de Joyas - Mi plata fina\",\"isPartOf\":{\"@id\":\"http:\/\/miplatafina.es\/blog\/#website\"},\"primaryImageOfPage\":{\"@id\":\"http:\/\/miplatafina.es\/blog\/fina-bastias-disenadora-de-joyas\/#primaryimage\"},\"image\":{\"@id\":\"http:\/\/miplatafina.es\/blog\/fina-bastias-disenadora-de-joyas\/#primaryimage\"},\"thumbnailUrl\":\"https:\/\/i0.wp.com\/miplatafina.es\/blog\/wp-content\/uploads\/2019\/11\/fina-mini.jpeg?fit=400%2C267\",\"datePublished\":\"2019-11-06T13:33:14+00:00\",\"dateModified\":\"2019-11-06T18:21:22+00:00\",\"author\":{\"@id\":\"http:\/\/miplatafina.es\/blog\/#\/schema\/person\/cb5cc8d28f4ff371fda7bf98ab6ed0f0\"},\"description\":\"Descubre a Fina Bast\u00edas, dise\u00f1adora de joyas de la joyer\u00eda online Mi Plata Fina. Los secretos de su nueva colecci\u00f3n Roma, joyas de eslabones.\",\"breadcrumb\":{\"@id\":\"http:\/\/miplatafina.es\/blog\/fina-bastias-disenadora-de-joyas\/#breadcrumb\"},\"inLanguage\":\"es\",\"potentialAction\":[{\"@type\":\"ReadAction\",\"target\":[\"http:\/\/miplatafina.es\/blog\/fina-bastias-disenadora-de-joyas\/\"]}]},{\"@type\":\"ImageObject\",\"inLanguage\":\"es\",\"@id\":\"http:\/\/miplatafina.es\/blog\/fina-bastias-disenadora-de-joyas\/#primaryimage\",\"url\":\"https:\/\/i0.wp.com\/miplatafina.es\/blog\/wp-content\/uploads\/2019\/11\/fina-mini.jpeg?fit=400%2C267\",\"contentUrl\":\"https:\/\/i0.wp.com\/miplatafina.es\/blog\/wp-content\/uploads\/2019\/11\/fina-mini.jpeg?fit=400%2C267\",\"width\":400,\"height\":267,\"caption\":\"Fina Bast\u00edas, dise\u00f1adora de Joyas en el Taller de Mi Plata Fina\"},{\"@type\":\"BreadcrumbList\",\"@id\":\"http:\/\/miplatafina.es\/blog\/fina-bastias-disenadora-de-joyas\/#breadcrumb\",\"itemListElement\":[{\"@type\":\"ListItem\",\"position\":1,\"name\":\"Portada\",\"item\":\"http:\/\/miplatafina.es\/blog\/\"},{\"@type\":\"ListItem\",\"position\":2,\"name\":\"INICIO\",\"item\":\"http:\/\/miplatafina.es\/blog\/category\/inicio\/\"},{\"@type\":\"ListItem\",\"position\":3,\"name\":\"INSPIRACI\u00d3N\",\"item\":\"https:\/\/miplatafina.es\/blog\/category\/inicio\/lifestyle\/\"},{\"@type\":\"ListItem\",\"position\":4,\"name\":\"Entrevista a Fina Bast\u00edas, dise\u00f1adora de Joyas\"}]},{\"@type\":\"WebSite\",\"@id\":\"http:\/\/miplatafina.es\/blog\/#website\",\"url\":\"http:\/\/miplatafina.es\/blog\/\",\"name\":\"Mi plata fina\",\"description\":\"Joyas que hablan de ti\",\"potentialAction\":[{\"@type\":\"SearchAction\",\"target\":{\"@type\":\"EntryPoint\",\"urlTemplate\":\"http:\/\/miplatafina.es\/blog\/?s={search_term_string}\"},\"query-input\":{\"@type\":\"PropertyValueSpecification\",\"valueRequired\":true,\"valueName\":\"search_term_string\"}}],\"inLanguage\":\"es\"},{\"@type\":\"Person\",\"@id\":\"http:\/\/miplatafina.es\/blog\/#\/schema\/person\/cb5cc8d28f4ff371fda7bf98ab6ed0f0\",\"name\":\"admin\",\"image\":{\"@type\":\"ImageObject\",\"inLanguage\":\"es\",\"@id\":\"http:\/\/miplatafina.es\/blog\/#\/schema\/person\/image\/\",\"url\":\"http:\/\/1.gravatar.com\/avatar\/a240cb535b85bdc63241906cd2769adf?s=96&d=mm&r=g\",\"contentUrl\":\"http:\/\/1.gravatar.com\/avatar\/a240cb535b85bdc63241906cd2769adf?s=96&d=mm&r=g\",\"caption\":\"admin\"},\"url\":\"http:\/\/miplatafina.es\/blog\/author\/admin\/\"}]}<\/script>\n<!-- \/ Yoast SEO plugin. -->","yoast_head_json":{"title":"Entrevista a Fina Bast\u00edas, dise\u00f1adora de Joyas - Mi plata fina","description":"Descubre a Fina Bast\u00edas, dise\u00f1adora de joyas de la joyer\u00eda online Mi Plata Fina. Los secretos de su nueva colecci\u00f3n Roma, joyas de eslabones.","robots":{"index":"index","follow":"follow","max-snippet":"max-snippet:-1","max-image-preview":"max-image-preview:large","max-video-preview":"max-video-preview:-1"},"canonical":"http:\/\/miplatafina.es\/blog\/fina-bastias-disenadora-de-joyas\/","og_locale":"es_ES","og_type":"article","og_title":"Entrevista a Fina Bast\u00edas, dise\u00f1adora de Joyas - Mi plata fina","og_description":"Descubre a Fina Bast\u00edas, dise\u00f1adora de joyas de la joyer\u00eda online Mi Plata Fina. Los secretos de su nueva colecci\u00f3n Roma, joyas de eslabones.","og_url":"http:\/\/miplatafina.es\/blog\/fina-bastias-disenadora-de-joyas\/","og_site_name":"Mi plata fina","article_published_time":"2019-11-06T13:33:14+00:00","article_modified_time":"2019-11-06T18:21:22+00:00","og_image":[{"width":400,"height":267,"url":"https:\/\/i0.wp.com\/miplatafina.es\/blog\/wp-content\/uploads\/2019\/11\/fina-mini.jpeg?fit=400%2C267","type":"image\/jpeg"}],"author":"admin","twitter_card":"summary_large_image","twitter_misc":{"Escrito por":"admin","Tiempo de lectura":"4 minutos"},"schema":{"@context":"https:\/\/schema.org","@graph":[{"@type":"WebPage","@id":"http:\/\/miplatafina.es\/blog\/fina-bastias-disenadora-de-joyas\/","url":"http:\/\/miplatafina.es\/blog\/fina-bastias-disenadora-de-joyas\/","name":"Entrevista a Fina Bast\u00edas, dise\u00f1adora de Joyas - Mi plata fina","isPartOf":{"@id":"http:\/\/miplatafina.es\/blog\/#website"},"primaryImageOfPage":{"@id":"http:\/\/miplatafina.es\/blog\/fina-bastias-disenadora-de-joyas\/#primaryimage"},"image":{"@id":"http:\/\/miplatafina.es\/blog\/fina-bastias-disenadora-de-joyas\/#primaryimage"},"thumbnailUrl":"https:\/\/i0.wp.com\/miplatafina.es\/blog\/wp-content\/uploads\/2019\/11\/fina-mini.jpeg?fit=400%2C267","datePublished":"2019-11-06T13:33:14+00:00","dateModified":"2019-11-06T18:21:22+00:00","author":{"@id":"http:\/\/miplatafina.es\/blog\/#\/schema\/person\/cb5cc8d28f4ff371fda7bf98ab6ed0f0"},"description":"Descubre a Fina Bast\u00edas, dise\u00f1adora de joyas de la joyer\u00eda online Mi Plata Fina. Los secretos de su nueva colecci\u00f3n Roma, joyas de eslabones.","breadcrumb":{"@id":"http:\/\/miplatafina.es\/blog\/fina-bastias-disenadora-de-joyas\/#breadcrumb"},"inLanguage":"es","potentialAction":[{"@type":"ReadAction","target":["http:\/\/miplatafina.es\/blog\/fina-bastias-disenadora-de-joyas\/"]}]},{"@type":"ImageObject","inLanguage":"es","@id":"http:\/\/miplatafina.es\/blog\/fina-bastias-disenadora-de-joyas\/#primaryimage","url":"https:\/\/i0.wp.com\/miplatafina.es\/blog\/wp-content\/uploads\/2019\/11\/fina-mini.jpeg?fit=400%2C267","contentUrl":"https:\/\/i0.wp.com\/miplatafina.es\/blog\/wp-content\/uploads\/2019\/11\/fina-mini.jpeg?fit=400%2C267","width":400,"height":267,"caption":"Fina Bast\u00edas, dise\u00f1adora de Joyas en el Taller de Mi Plata Fina"},{"@type":"BreadcrumbList","@id":"http:\/\/miplatafina.es\/blog\/fina-bastias-disenadora-de-joyas\/#breadcrumb","itemListElement":[{"@type":"ListItem","position":1,"name":"Portada","item":"http:\/\/miplatafina.es\/blog\/"},{"@type":"ListItem","position":2,"name":"INICIO","item":"http:\/\/miplatafina.es\/blog\/category\/inicio\/"},{"@type":"ListItem","position":3,"name":"INSPIRACI\u00d3N","item":"https:\/\/miplatafina.es\/blog\/category\/inicio\/lifestyle\/"},{"@type":"ListItem","position":4,"name":"Entrevista a Fina Bast\u00edas, dise\u00f1adora de Joyas"}]},{"@type":"WebSite","@id":"http:\/\/miplatafina.es\/blog\/#website","url":"http:\/\/miplatafina.es\/blog\/","name":"Mi plata fina","description":"Joyas que hablan de ti","potentialAction":[{"@type":"SearchAction","target":{"@type":"EntryPoint","urlTemplate":"http:\/\/miplatafina.es\/blog\/?s={search_term_string}"},"query-input":{"@type":"PropertyValueSpecification","valueRequired":true,"valueName":"search_term_string"}}],"inLanguage":"es"},{"@type":"Person","@id":"http:\/\/miplatafina.es\/blog\/#\/schema\/person\/cb5cc8d28f4ff371fda7bf98ab6ed0f0","name":"admin","image":{"@type":"ImageObject","inLanguage":"es","@id":"http:\/\/miplatafina.es\/blog\/#\/schema\/person\/image\/","url":"http:\/\/1.gravatar.com\/avatar\/a240cb535b85bdc63241906cd2769adf?s=96&d=mm&r=g","contentUrl":"http:\/\/1.gravatar.com\/avatar\/a240cb535b85bdc63241906cd2769adf?s=96&d=mm&r=g","caption":"admin"},"url":"http:\/\/miplatafina.es\/blog\/author\/admin\/"}]}},"jetpack_featured_media_url":"https:\/\/i0.wp.com\/miplatafina.es\/blog\/wp-content\/uploads\/2019\/11\/fina-mini.jpeg?fit=400%2C267","jetpack_sharing_enabled":true,"jetpack_shortlink":"https:\/\/wp.me\/p9j6Jz-mw","jetpack_likes_enabled":true,"jetpack-related-posts":[],"_links":{"self":[{"href":"http:\/\/miplatafina.es\/blog\/wp-json\/wp\/v2\/posts\/1396"}],"collection":[{"href":"http:\/\/miplatafina.es\/blog\/wp-json\/wp\/v2\/posts"}],"about":[{"href":"http:\/\/miplatafina.es\/blog\/wp-json\/wp\/v2\/types\/post"}],"author":[{"embeddable":true,"href":"http:\/\/miplatafina.es\/blog\/wp-json\/wp\/v2\/users\/1"}],"replies":[{"embeddable":true,"href":"http:\/\/miplatafina.es\/blog\/wp-json\/wp\/v2\/comments?post=1396"}],"version-history":[{"count":8,"href":"http:\/\/miplatafina.es\/blog\/wp-json\/wp\/v2\/posts\/1396\/revisions"}],"predecessor-version":[{"id":1406,"href":"http:\/\/miplatafina.es\/blog\/wp-json\/wp\/v2\/posts\/1396\/revisions\/1406"}],"wp:featuredmedia":[{"embeddable":true,"href":"http:\/\/miplatafina.es\/blog\/wp-json\/wp\/v2\/media\/1397"}],"wp:attachment":[{"href":"http:\/\/miplatafina.es\/blog\/wp-json\/wp\/v2\/media?parent=1396"}],"wp:term":[{"taxonomy":"category","embeddable":true,"href":"http:\/\/miplatafina.es\/blog\/wp-json\/wp\/v2\/categories?post=1396"},{"taxonomy":"post_tag","embeddable":true,"href":"http:\/\/miplatafina.es\/blog\/wp-json\/wp\/v2\/tags?post=1396"}],"curies":[{"name":"wp","href":"https:\/\/api.w.org\/{rel}","templated":true}]}}