{"id":1447,"date":"2019-11-20T08:04:27","date_gmt":"2019-11-20T08:04:27","guid":{"rendered":"http:\/\/miplatafina.es\/blog\/?p=1447"},"modified":"2019-11-19T10:01:54","modified_gmt":"2019-11-19T10:01:54","slug":"joyas-personalizadas-por-menos-de-30e","status":"publish","type":"post","link":"http:\/\/miplatafina.es\/blog\/joyas-personalizadas-por-menos-de-30e\/","title":{"rendered":"[Black Friday] Joyas Personalizadas por menos de 30\u20ac"},"content":{"rendered":"\n<p>Accede a nuestro recopilatorio de joyas personalizadas por menos de 30\u20ac.<\/p>\n\n\n\n<p>Esta semana, con motivo del Black Friday, todas las joyas personalizadas de Mi Plata Fina est\u00e1n rebajadas al 25%.<\/p>\n\n\n\n<p>As\u00ed que ya sabes, desde el 25 de noviembre, hasta el 2 de diciembre, puedes anticipar tus compras de navidad y ahorrar en tu pedido \u00a1Aprovecha!<\/p>\n\n\n\n<p>Y para que encuentres inspiraci\u00f3n, aqu\u00ed te recopilamos algunas de las joyas de plata y oro, que puedes adquirir por menos de 30\u20ac, acertar\u00e1s con tu regalo.<\/p>\n\n\n\n<div style=\"height:20px\" aria-hidden=\"true\" class=\"wp-block-spacer\"><\/div>\n\n\n\n<h3 class=\"wp-block-heading\" style=\"text-align:center\">Joyas Personalizadas por menos de 30\u20ac<\/h3>\n\n\n\n<div style=\"height:20px\" aria-hidden=\"true\" class=\"wp-block-spacer\"><\/div>\n\n\n\n<h4 class=\"wp-block-heading\" style=\"text-align:center\">PULSERA KIDS MACRAME<\/h4>\n\n\n\n<div class=\"wp-block-image\"><figure class=\"aligncenter\"><a href=\"https:\/\/www.miplatafina.es\/es\/pulseras\/20-pulsera-family-kids-macrame.html?utm_source=blog&amp;utm_medium=black-friday&amp;utm_campaign=19\" target=\"_blank\" rel=\"noreferrer noopener\"><img data-recalc-dims=\"1\" loading=\"lazy\" decoding=\"async\" width=\"354\" height=\"354\" data-attachment-id=\"1456\" data-permalink=\"http:\/\/miplatafina.es\/blog\/joyas-personalizadas-por-menos-de-30e\/pulsera-kids-macram\/\" data-orig-file=\"https:\/\/i0.wp.com\/miplatafina.es\/blog\/wp-content\/uploads\/2019\/11\/Pulsera-Kids-macram%C2%AE.jpg?fit=354%2C354\" data-orig-size=\"354,354\" data-comments-opened=\"1\" data-image-meta=\"{&quot;aperture&quot;:&quot;0&quot;,&quot;credit&quot;:&quot;EMILIO&quot;,&quot;camera&quot;:&quot;&quot;,&quot;caption&quot;:&quot;&quot;,&quot;created_timestamp&quot;:&quot;1573662207&quot;,&quot;copyright&quot;:&quot;&quot;,&quot;focal_length&quot;:&quot;0&quot;,&quot;iso&quot;:&quot;0&quot;,&quot;shutter_speed&quot;:&quot;0&quot;,&quot;title&quot;:&quot;&quot;,&quot;orientation&quot;:&quot;0&quot;}\" data-image-title=\"Pulsera con ni\u00f1os | pulsera personalizable con ni\u00f1os\" data-image-description=\"\" data-image-caption=\"&lt;p&gt;\u00bfQu\u00e9 tal grabar los nombres su los peques en esta pulsera? Un regalazo para llevar a los m\u00e1s importantes de la familia, siempre contigo.&lt;\/p&gt;\n\" data-medium-file=\"https:\/\/i0.wp.com\/miplatafina.es\/blog\/wp-content\/uploads\/2019\/11\/Pulsera-Kids-macram%C2%AE.jpg?fit=300%2C300\" data-large-file=\"https:\/\/i0.wp.com\/miplatafina.es\/blog\/wp-content\/uploads\/2019\/11\/Pulsera-Kids-macram%C2%AE.jpg?fit=354%2C354\" src=\"https:\/\/i0.wp.com\/miplatafina.es\/blog\/wp-content\/uploads\/2019\/11\/Pulsera-Kids-macram%C2%AE.jpg?resize=354%2C354\" alt=\"Pulsera con ni\u00f1os | pulsera personalizable con ni\u00f1os\" class=\"wp-image-1456\" srcset=\"https:\/\/i0.wp.com\/miplatafina.es\/blog\/wp-content\/uploads\/2019\/11\/Pulsera-Kids-macram%C2%AE.jpg?w=354 354w, https:\/\/i0.wp.com\/miplatafina.es\/blog\/wp-content\/uploads\/2019\/11\/Pulsera-Kids-macram%C2%AE.jpg?resize=150%2C150 150w, https:\/\/i0.wp.com\/miplatafina.es\/blog\/wp-content\/uploads\/2019\/11\/Pulsera-Kids-macram%C2%AE.jpg?resize=300%2C300 300w\" sizes=\"(max-width: 354px) 100vw, 354px\" \/><\/a><figcaption>\u00bfQu\u00e9 tal grabar los nombres su los peques en esta pulsera? Un regalazo para llevar a los m\u00e1s importantes de la familia, siempre contigo.<\/figcaption><\/figure><\/div>\n\n\n\n<div style=\"height:20px\" aria-hidden=\"true\" class=\"wp-block-spacer\"><\/div>\n\n\n\n<h4 class=\"wp-block-heading\" style=\"text-align:center\">HANDY CLUTCH<\/h4>\n\n\n\n<div class=\"wp-block-image\"><figure class=\"aligncenter\"><a href=\"?utm_source=blog&amp;utm_medium=black-friday&amp;utm_campaign=19\" target=\"_blank\" rel=\"noreferrer noopener\"><img data-recalc-dims=\"1\" loading=\"lazy\" decoding=\"async\" width=\"354\" height=\"354\" data-attachment-id=\"1449\" data-permalink=\"http:\/\/miplatafina.es\/blog\/joyas-personalizadas-por-menos-de-30e\/handy-clutch\/\" data-orig-file=\"https:\/\/i0.wp.com\/miplatafina.es\/blog\/wp-content\/uploads\/2019\/11\/Handy-Clutch.jpg?fit=354%2C354\" data-orig-size=\"354,354\" data-comments-opened=\"1\" data-image-meta=\"{&quot;aperture&quot;:&quot;0&quot;,&quot;credit&quot;:&quot;EMILIO&quot;,&quot;camera&quot;:&quot;&quot;,&quot;caption&quot;:&quot;&quot;,&quot;created_timestamp&quot;:&quot;1573662216&quot;,&quot;copyright&quot;:&quot;&quot;,&quot;focal_length&quot;:&quot;0&quot;,&quot;iso&quot;:&quot;0&quot;,&quot;shutter_speed&quot;:&quot;0&quot;,&quot;title&quot;:&quot;&quot;,&quot;orientation&quot;:&quot;0&quot;}\" data-image-title=\"Bolso personalizable | bolso para personalizar\" data-image-description=\"\" data-image-caption=\"&lt;p&gt;Es un best seller en Mi Plata Fina. Este bolso de mano, es totalmente personalizable para regalarlo con un grabado especial.&lt;\/p&gt;\n\" data-medium-file=\"https:\/\/i0.wp.com\/miplatafina.es\/blog\/wp-content\/uploads\/2019\/11\/Handy-Clutch.jpg?fit=300%2C300\" data-large-file=\"https:\/\/i0.wp.com\/miplatafina.es\/blog\/wp-content\/uploads\/2019\/11\/Handy-Clutch.jpg?fit=354%2C354\" src=\"https:\/\/i0.wp.com\/miplatafina.es\/blog\/wp-content\/uploads\/2019\/11\/Handy-Clutch.jpg?resize=354%2C354\" alt=\"Bolso personalizable | bolso para personalizar\" class=\"wp-image-1449\" srcset=\"https:\/\/i0.wp.com\/miplatafina.es\/blog\/wp-content\/uploads\/2019\/11\/Handy-Clutch.jpg?w=354 354w, https:\/\/i0.wp.com\/miplatafina.es\/blog\/wp-content\/uploads\/2019\/11\/Handy-Clutch.jpg?resize=150%2C150 150w, https:\/\/i0.wp.com\/miplatafina.es\/blog\/wp-content\/uploads\/2019\/11\/Handy-Clutch.jpg?resize=300%2C300 300w\" sizes=\"(max-width: 354px) 100vw, 354px\" \/><\/a><figcaption>Es un best seller en Mi Plata Fina. Este bolso de mano, es totalmente personalizable para regalarlo con un grabado especial.<\/figcaption><\/figure><\/div>\n\n\n\n<div style=\"height:20px\" aria-hidden=\"true\" class=\"wp-block-spacer\"><\/div>\n\n\n\n<h4 class=\"wp-block-heading\" style=\"text-align:center\">PENDIENTES LAUREA<\/h4>\n\n\n\n<div class=\"wp-block-image\"><figure class=\"aligncenter\"><a href=\"https:\/\/www.miplatafina.es\/es\/coleccion-roma\/669-pendientes-trepador-laurea-oro.html?utm_source=blog&amp;utm_medium=black-friday&amp;utm_campaign=19\" target=\"_blank\" rel=\"noreferrer noopener\"><img data-recalc-dims=\"1\" loading=\"lazy\" decoding=\"async\" width=\"354\" height=\"354\" data-attachment-id=\"1450\" data-permalink=\"http:\/\/miplatafina.es\/blog\/joyas-personalizadas-por-menos-de-30e\/pendientes-aurea\/\" data-orig-file=\"https:\/\/i0.wp.com\/miplatafina.es\/blog\/wp-content\/uploads\/2019\/11\/Pendientes-Aurea.jpg?fit=354%2C354\" data-orig-size=\"354,354\" data-comments-opened=\"1\" data-image-meta=\"{&quot;aperture&quot;:&quot;0&quot;,&quot;credit&quot;:&quot;EMILIO&quot;,&quot;camera&quot;:&quot;&quot;,&quot;caption&quot;:&quot;&quot;,&quot;created_timestamp&quot;:&quot;1573662225&quot;,&quot;copyright&quot;:&quot;&quot;,&quot;focal_length&quot;:&quot;0&quot;,&quot;iso&quot;:&quot;0&quot;,&quot;shutter_speed&quot;:&quot;0&quot;,&quot;title&quot;:&quot;&quot;,&quot;orientation&quot;:&quot;0&quot;}\" data-image-title=\"Pendientes Laurea Oro | Pendientes Laurea Plata\" data-image-description=\"\" data-image-caption=\"&lt;p&gt;Pertenecen a la nueva Colecci\u00f3n Roma, para mujeres imperiales, y estos pendientes son un lujazo que favorece a cualquiera. Puedes escogerlos en plata o ba\u00f1o de oro de m\u00e1xima calidad.&lt;\/p&gt;\n\" data-medium-file=\"https:\/\/i0.wp.com\/miplatafina.es\/blog\/wp-content\/uploads\/2019\/11\/Pendientes-Aurea.jpg?fit=300%2C300\" data-large-file=\"https:\/\/i0.wp.com\/miplatafina.es\/blog\/wp-content\/uploads\/2019\/11\/Pendientes-Aurea.jpg?fit=354%2C354\" src=\"https:\/\/i0.wp.com\/miplatafina.es\/blog\/wp-content\/uploads\/2019\/11\/Pendientes-Aurea.jpg?resize=354%2C354\" alt=\"Pendientes Laurea Oro | Pendientes Laurea Plata\" class=\"wp-image-1450\" srcset=\"https:\/\/i0.wp.com\/miplatafina.es\/blog\/wp-content\/uploads\/2019\/11\/Pendientes-Aurea.jpg?w=354 354w, https:\/\/i0.wp.com\/miplatafina.es\/blog\/wp-content\/uploads\/2019\/11\/Pendientes-Aurea.jpg?resize=150%2C150 150w, https:\/\/i0.wp.com\/miplatafina.es\/blog\/wp-content\/uploads\/2019\/11\/Pendientes-Aurea.jpg?resize=300%2C300 300w\" sizes=\"(max-width: 354px) 100vw, 354px\" \/><\/a><figcaption>Pertenecen a la nueva Colecci\u00f3n Roma, para mujeres imperiales, y estos pendientes son un lujazo que favorece a cualquiera. Puedes escogerlos en plata o ba\u00f1o de oro de m\u00e1xima calidad.<\/figcaption><\/figure><\/div>\n\n\n\n<div style=\"height:20px\" aria-hidden=\"true\" class=\"wp-block-spacer\"><\/div>\n\n\n\n<h4 class=\"wp-block-heading\" style=\"text-align:center\"> PULSERA CAPRICHOS&nbsp;&nbsp;&nbsp;  <\/h4>\n\n\n\n<div class=\"wp-block-image\"><figure class=\"aligncenter\"><a href=\"https:\/\/www.miplatafina.es\/es\/pulseras\/543-pulsera-capricho-star.html?utm_source=blog&amp;utm_medium=black-friday&amp;utm_campaign=19\" target=\"_blank\" rel=\"noreferrer noopener\"><img data-recalc-dims=\"1\" loading=\"lazy\" decoding=\"async\" width=\"355\" height=\"354\" data-attachment-id=\"1455\" data-permalink=\"http:\/\/miplatafina.es\/blog\/joyas-personalizadas-por-menos-de-30e\/pulsera-caprichos\/\" data-orig-file=\"https:\/\/i0.wp.com\/miplatafina.es\/blog\/wp-content\/uploads\/2019\/11\/Pulsera-caprichos.jpg?fit=355%2C354\" data-orig-size=\"355,354\" data-comments-opened=\"1\" data-image-meta=\"{&quot;aperture&quot;:&quot;0&quot;,&quot;credit&quot;:&quot;EMILIO&quot;,&quot;camera&quot;:&quot;&quot;,&quot;caption&quot;:&quot;&quot;,&quot;created_timestamp&quot;:&quot;1573662233&quot;,&quot;copyright&quot;:&quot;&quot;,&quot;focal_length&quot;:&quot;0&quot;,&quot;iso&quot;:&quot;0&quot;,&quot;shutter_speed&quot;:&quot;0&quot;,&quot;title&quot;:&quot;&quot;,&quot;orientation&quot;:&quot;0&quot;}\" data-image-title=\"Pulsera personalizable con circulo | pulsera para personalizar con plata\" data-image-description=\"\" data-image-caption=\"&lt;p&gt;Una pieza joven para darle tu toque. Personaliza con tu grabado para darle el toque especial y te asegurar\u00e1s de que, quien la recibe, sabe que le importas.&lt;\/p&gt;\n\" data-medium-file=\"https:\/\/i0.wp.com\/miplatafina.es\/blog\/wp-content\/uploads\/2019\/11\/Pulsera-caprichos.jpg?fit=300%2C300\" data-large-file=\"https:\/\/i0.wp.com\/miplatafina.es\/blog\/wp-content\/uploads\/2019\/11\/Pulsera-caprichos.jpg?fit=355%2C354\" src=\"https:\/\/i0.wp.com\/miplatafina.es\/blog\/wp-content\/uploads\/2019\/11\/Pulsera-caprichos.jpg?resize=355%2C354\" alt=\"Pulsera personalizable con circulo | pulsera para personalizar con plata\" class=\"wp-image-1455\" srcset=\"https:\/\/i0.wp.com\/miplatafina.es\/blog\/wp-content\/uploads\/2019\/11\/Pulsera-caprichos.jpg?w=355 355w, https:\/\/i0.wp.com\/miplatafina.es\/blog\/wp-content\/uploads\/2019\/11\/Pulsera-caprichos.jpg?resize=150%2C150 150w, https:\/\/i0.wp.com\/miplatafina.es\/blog\/wp-content\/uploads\/2019\/11\/Pulsera-caprichos.jpg?resize=300%2C300 300w\" sizes=\"(max-width: 355px) 100vw, 355px\" \/><\/a><figcaption>Una pieza joven para darle tu toque. Personaliza con tu grabado para darle el toque especial y te asegurar\u00e1s de que, quien la recibe, sabe que le importas.<\/figcaption><\/figure><\/div>\n\n\n\n<div style=\"height:20px\" aria-hidden=\"true\" class=\"wp-block-spacer\"><\/div>\n\n\n\n<h4 class=\"wp-block-heading\" style=\"text-align:center\">PENDIENTES CRUZ<\/h4>\n\n\n\n<div class=\"wp-block-image\"><figure class=\"aligncenter\"><a href=\"https:\/\/www.miplatafina.es\/es\/ella\/671-pendientes-cruz-oro.html?utm_source=blog&amp;utm_medium=black-friday&amp;utm_campaign=19\" target=\"_blank\" rel=\"noreferrer noopener\"><img data-recalc-dims=\"1\" loading=\"lazy\" decoding=\"async\" width=\"354\" height=\"354\" data-attachment-id=\"1451\" data-permalink=\"http:\/\/miplatafina.es\/blog\/joyas-personalizadas-por-menos-de-30e\/pendientes-cruz\/\" data-orig-file=\"https:\/\/i0.wp.com\/miplatafina.es\/blog\/wp-content\/uploads\/2019\/11\/Pendientes-Cruz.jpg?fit=354%2C354\" data-orig-size=\"354,354\" data-comments-opened=\"1\" data-image-meta=\"{&quot;aperture&quot;:&quot;0&quot;,&quot;credit&quot;:&quot;EMILIO&quot;,&quot;camera&quot;:&quot;&quot;,&quot;caption&quot;:&quot;&quot;,&quot;created_timestamp&quot;:&quot;1573662241&quot;,&quot;copyright&quot;:&quot;&quot;,&quot;focal_length&quot;:&quot;0&quot;,&quot;iso&quot;:&quot;0&quot;,&quot;shutter_speed&quot;:&quot;0&quot;,&quot;title&quot;:&quot;&quot;,&quot;orientation&quot;:&quot;0&quot;}\" data-image-title=\"pendientes con cruz oro | pendientes con cruz plata\" data-image-description=\"\" data-image-caption=\"&lt;p&gt;Las cruces vuelven a estar de moda y estos pendientes son una manera muy elegantes de lucirlas.&lt;\/p&gt;\n\" data-medium-file=\"https:\/\/i0.wp.com\/miplatafina.es\/blog\/wp-content\/uploads\/2019\/11\/Pendientes-Cruz.jpg?fit=300%2C300\" data-large-file=\"https:\/\/i0.wp.com\/miplatafina.es\/blog\/wp-content\/uploads\/2019\/11\/Pendientes-Cruz.jpg?fit=354%2C354\" src=\"https:\/\/i0.wp.com\/miplatafina.es\/blog\/wp-content\/uploads\/2019\/11\/Pendientes-Cruz.jpg?resize=354%2C354\" alt=\"pendientes con cruz oro | pendientes con cruz plata\" class=\"wp-image-1451\" srcset=\"https:\/\/i0.wp.com\/miplatafina.es\/blog\/wp-content\/uploads\/2019\/11\/Pendientes-Cruz.jpg?w=354 354w, https:\/\/i0.wp.com\/miplatafina.es\/blog\/wp-content\/uploads\/2019\/11\/Pendientes-Cruz.jpg?resize=150%2C150 150w, https:\/\/i0.wp.com\/miplatafina.es\/blog\/wp-content\/uploads\/2019\/11\/Pendientes-Cruz.jpg?resize=300%2C300 300w\" sizes=\"(max-width: 354px) 100vw, 354px\" \/><\/a><figcaption>Las cruces vuelven a estar de moda y estos pendientes son una manera muy elegantes de lucirlas.<\/figcaption><\/figure><\/div>\n\n\n\n<div style=\"height:20px\" aria-hidden=\"true\" class=\"wp-block-spacer\"><\/div>\n\n\n\n<h4 class=\"wp-block-heading\" style=\"text-align:center\">PULSERA ARO TOM<\/h4>\n\n\n\n<div class=\"wp-block-image\"><figure class=\"aligncenter\"><a href=\"https:\/\/www.miplatafina.es\/es\/pulseras\/77-pulsera-aro-tom.html?utm_source=blog&amp;utm_medium=black-friday&amp;utm_campaign=19\" target=\"_blank\" rel=\"noreferrer noopener\"><img data-recalc-dims=\"1\" loading=\"lazy\" decoding=\"async\" width=\"354\" height=\"354\" data-attachment-id=\"1454\" data-permalink=\"http:\/\/miplatafina.es\/blog\/joyas-personalizadas-por-menos-de-30e\/pulsera-aro-tom\/\" data-orig-file=\"https:\/\/i0.wp.com\/miplatafina.es\/blog\/wp-content\/uploads\/2019\/11\/Pulsera-Aro-Tom.jpg?fit=354%2C354\" data-orig-size=\"354,354\" data-comments-opened=\"1\" data-image-meta=\"{&quot;aperture&quot;:&quot;0&quot;,&quot;credit&quot;:&quot;EMILIO&quot;,&quot;camera&quot;:&quot;&quot;,&quot;caption&quot;:&quot;&quot;,&quot;created_timestamp&quot;:&quot;1573662248&quot;,&quot;copyright&quot;:&quot;&quot;,&quot;focal_length&quot;:&quot;0&quot;,&quot;iso&quot;:&quot;0&quot;,&quot;shutter_speed&quot;:&quot;0&quot;,&quot;title&quot;:&quot;&quot;,&quot;orientation&quot;:&quot;0&quot;}\" data-image-title=\"Pulsera personalizable con aro | pulsera personalizable unisex\" data-image-description=\"\" data-image-caption=\"&lt;p&gt;La importancia de esta joya est\u00e1 en la personalizaci\u00f3n. Simplemente con a\u00f1adir una fecha, frase  o nombre haces que se convierta en un regalo original y muy especial.&lt;\/p&gt;\n\" data-medium-file=\"https:\/\/i0.wp.com\/miplatafina.es\/blog\/wp-content\/uploads\/2019\/11\/Pulsera-Aro-Tom.jpg?fit=300%2C300\" data-large-file=\"https:\/\/i0.wp.com\/miplatafina.es\/blog\/wp-content\/uploads\/2019\/11\/Pulsera-Aro-Tom.jpg?fit=354%2C354\" src=\"https:\/\/i0.wp.com\/miplatafina.es\/blog\/wp-content\/uploads\/2019\/11\/Pulsera-Aro-Tom.jpg?resize=354%2C354\" alt=\"Pulsera personalizable con aro | pulsera personalizable unisex\" class=\"wp-image-1454\" srcset=\"https:\/\/i0.wp.com\/miplatafina.es\/blog\/wp-content\/uploads\/2019\/11\/Pulsera-Aro-Tom.jpg?w=354 354w, https:\/\/i0.wp.com\/miplatafina.es\/blog\/wp-content\/uploads\/2019\/11\/Pulsera-Aro-Tom.jpg?resize=150%2C150 150w, https:\/\/i0.wp.com\/miplatafina.es\/blog\/wp-content\/uploads\/2019\/11\/Pulsera-Aro-Tom.jpg?resize=300%2C300 300w\" sizes=\"(max-width: 354px) 100vw, 354px\" \/><\/a><figcaption>La importancia de esta joya est\u00e1 en la personalizaci\u00f3n. Simplemente con a\u00f1adir una fecha, frase  o nombre haces que se convierta en un regalo original y muy especial.<\/figcaption><\/figure><\/div>\n\n\n\n<div style=\"height:20px\" aria-hidden=\"true\" class=\"wp-block-spacer\"><\/div>\n\n\n\n<h4 class=\"wp-block-heading\" style=\"text-align:center\">PENDIENTES MESALINA<\/h4>\n\n\n\n<div class=\"wp-block-image\"><figure class=\"aligncenter\"><a href=\"https:\/\/www.miplatafina.es\/es\/coleccion-roma\/667-pendientes-mesalina-oro.html?utm_source=blog&amp;utm_medium=black-friday&amp;utm_campaign=19\" target=\"_blank\" rel=\"noreferrer noopener\"><img data-recalc-dims=\"1\" loading=\"lazy\" decoding=\"async\" width=\"355\" height=\"354\" data-attachment-id=\"1452\" data-permalink=\"http:\/\/miplatafina.es\/blog\/joyas-personalizadas-por-menos-de-30e\/pendientes-mesalina\/\" data-orig-file=\"https:\/\/i0.wp.com\/miplatafina.es\/blog\/wp-content\/uploads\/2019\/11\/Pendientes-Mesalina.jpg?fit=355%2C354\" data-orig-size=\"355,354\" data-comments-opened=\"1\" data-image-meta=\"{&quot;aperture&quot;:&quot;0&quot;,&quot;credit&quot;:&quot;EMILIO&quot;,&quot;camera&quot;:&quot;&quot;,&quot;caption&quot;:&quot;&quot;,&quot;created_timestamp&quot;:&quot;1573662256&quot;,&quot;copyright&quot;:&quot;&quot;,&quot;focal_length&quot;:&quot;0&quot;,&quot;iso&quot;:&quot;0&quot;,&quot;shutter_speed&quot;:&quot;0&quot;,&quot;title&quot;:&quot;&quot;,&quot;orientation&quot;:&quot;0&quot;}\" data-image-title=\"pendientes largos perlas | pendientes largos con perlas negras\" data-image-description=\"\" data-image-caption=\"&lt;p&gt;Nos encantan estos pendientes por la combinaci\u00f3n de la plata o el oro con las perlas. El resultado es una joya elegante y muy favorecedora.&lt;\/p&gt;\n\" data-medium-file=\"https:\/\/i0.wp.com\/miplatafina.es\/blog\/wp-content\/uploads\/2019\/11\/Pendientes-Mesalina.jpg?fit=300%2C300\" data-large-file=\"https:\/\/i0.wp.com\/miplatafina.es\/blog\/wp-content\/uploads\/2019\/11\/Pendientes-Mesalina.jpg?fit=355%2C354\" src=\"https:\/\/i0.wp.com\/miplatafina.es\/blog\/wp-content\/uploads\/2019\/11\/Pendientes-Mesalina.jpg?resize=355%2C354\" alt=\"pendientes largos perlas | pendientes largos con perlas negras\" class=\"wp-image-1452\" srcset=\"https:\/\/i0.wp.com\/miplatafina.es\/blog\/wp-content\/uploads\/2019\/11\/Pendientes-Mesalina.jpg?w=355 355w, https:\/\/i0.wp.com\/miplatafina.es\/blog\/wp-content\/uploads\/2019\/11\/Pendientes-Mesalina.jpg?resize=150%2C150 150w, https:\/\/i0.wp.com\/miplatafina.es\/blog\/wp-content\/uploads\/2019\/11\/Pendientes-Mesalina.jpg?resize=300%2C300 300w\" sizes=\"(max-width: 355px) 100vw, 355px\" \/><\/a><figcaption>Nos encantan estos pendientes por la combinaci\u00f3n de la plata o el oro con las perlas. El resultado es una joya elegante y muy favorecedora.<\/figcaption><\/figure><\/div>\n\n\n\n<div style=\"height:20px\" aria-hidden=\"true\" class=\"wp-block-spacer\"><\/div>\n\n\n\n<h4 class=\"wp-block-heading\" style=\"text-align:center\">PULSERA ARO MEDIUM<\/h4>\n\n\n\n<div class=\"wp-block-image\"><figure class=\"aligncenter\"><a href=\"https:\/\/www.miplatafina.es\/es\/pulseras\/28-pulsera-aro-medium-macrame.html?utm_source=blog&amp;utm_medium=black-friday&amp;utm_campaign=19\" target=\"_blank\" rel=\"noreferrer noopener\"><img data-recalc-dims=\"1\" loading=\"lazy\" decoding=\"async\" width=\"354\" height=\"354\" data-attachment-id=\"1453\" data-permalink=\"http:\/\/miplatafina.es\/blog\/joyas-personalizadas-por-menos-de-30e\/pulsera-aro-medium\/\" data-orig-file=\"https:\/\/i0.wp.com\/miplatafina.es\/blog\/wp-content\/uploads\/2019\/11\/Pulsera-Aro-Medium.jpg?fit=354%2C354\" data-orig-size=\"354,354\" data-comments-opened=\"1\" data-image-meta=\"{&quot;aperture&quot;:&quot;0&quot;,&quot;credit&quot;:&quot;EMILIO&quot;,&quot;camera&quot;:&quot;&quot;,&quot;caption&quot;:&quot;&quot;,&quot;created_timestamp&quot;:&quot;1573662264&quot;,&quot;copyright&quot;:&quot;&quot;,&quot;focal_length&quot;:&quot;0&quot;,&quot;iso&quot;:&quot;0&quot;,&quot;shutter_speed&quot;:&quot;0&quot;,&quot;title&quot;:&quot;&quot;,&quot;orientation&quot;:&quot;0&quot;}\" data-image-title=\"Pulsera con Aro de Plata | Pulsera con aro de plata unisex\" data-image-description=\"\" data-image-caption=\"&lt;p&gt;Una pieza unisex que todos van a querer llevar consigo. Un regalo para acertar hasta con los m\u00e1s dif\u00edciles.&lt;\/p&gt;\n\" data-medium-file=\"https:\/\/i0.wp.com\/miplatafina.es\/blog\/wp-content\/uploads\/2019\/11\/Pulsera-Aro-Medium.jpg?fit=300%2C300\" data-large-file=\"https:\/\/i0.wp.com\/miplatafina.es\/blog\/wp-content\/uploads\/2019\/11\/Pulsera-Aro-Medium.jpg?fit=354%2C354\" src=\"https:\/\/i0.wp.com\/miplatafina.es\/blog\/wp-content\/uploads\/2019\/11\/Pulsera-Aro-Medium.jpg?resize=354%2C354\" alt=\"Pulsera con Aro de Plata | Pulsera con aro de plata unisex\" class=\"wp-image-1453\" srcset=\"https:\/\/i0.wp.com\/miplatafina.es\/blog\/wp-content\/uploads\/2019\/11\/Pulsera-Aro-Medium.jpg?w=354 354w, https:\/\/i0.wp.com\/miplatafina.es\/blog\/wp-content\/uploads\/2019\/11\/Pulsera-Aro-Medium.jpg?resize=150%2C150 150w, https:\/\/i0.wp.com\/miplatafina.es\/blog\/wp-content\/uploads\/2019\/11\/Pulsera-Aro-Medium.jpg?resize=300%2C300 300w\" sizes=\"(max-width: 354px) 100vw, 354px\" \/><\/a><figcaption>Una pieza unisex que todos van a querer llevar consigo. Un regalo para acertar hasta con los m\u00e1s dif\u00edciles.<\/figcaption><\/figure><\/div>\n\n\n\n<div style=\"height:20px\" aria-hidden=\"true\" class=\"wp-block-spacer\"><\/div>\n\n\n\n<h4 class=\"wp-block-heading\" style=\"text-align:center\">COLGANTE CLAVE DE SOL<\/h4>\n\n\n\n<div class=\"wp-block-image\"><figure class=\"aligncenter\"><a href=\"https:\/\/www.miplatafina.es\/es\/colgantes\/137-colgante-clave-de-sol.html?utm_source=blog&amp;utm_medium=black-friday&amp;utm_campaign=19\" target=\"_blank\" rel=\"noreferrer noopener\"><img data-recalc-dims=\"1\" loading=\"lazy\" decoding=\"async\" width=\"354\" height=\"354\" data-attachment-id=\"1448\" data-permalink=\"http:\/\/miplatafina.es\/blog\/joyas-personalizadas-por-menos-de-30e\/colgante-clave-de-sol\/\" data-orig-file=\"https:\/\/i0.wp.com\/miplatafina.es\/blog\/wp-content\/uploads\/2019\/11\/Colgante-Clave-de-Sol.jpg?fit=354%2C354\" data-orig-size=\"354,354\" data-comments-opened=\"1\" data-image-meta=\"{&quot;aperture&quot;:&quot;0&quot;,&quot;credit&quot;:&quot;EMILIO&quot;,&quot;camera&quot;:&quot;&quot;,&quot;caption&quot;:&quot;&quot;,&quot;created_timestamp&quot;:&quot;1573662275&quot;,&quot;copyright&quot;:&quot;&quot;,&quot;focal_length&quot;:&quot;0&quot;,&quot;iso&quot;:&quot;0&quot;,&quot;shutter_speed&quot;:&quot;0&quot;,&quot;title&quot;:&quot;&quot;,&quot;orientation&quot;:&quot;0&quot;}\" data-image-title=\"Colgante para profesores | colgante m\u00fasica\" data-image-description=\"\" data-image-caption=\"&lt;p&gt;\u00bfAlg\u00fan m\u00fasico en la sala? A cualquier profesor le encantar\u00eda recibir este gran detalle para navidad.&lt;\/p&gt;\n\" data-medium-file=\"https:\/\/i0.wp.com\/miplatafina.es\/blog\/wp-content\/uploads\/2019\/11\/Colgante-Clave-de-Sol.jpg?fit=300%2C300\" data-large-file=\"https:\/\/i0.wp.com\/miplatafina.es\/blog\/wp-content\/uploads\/2019\/11\/Colgante-Clave-de-Sol.jpg?fit=354%2C354\" src=\"https:\/\/i0.wp.com\/miplatafina.es\/blog\/wp-content\/uploads\/2019\/11\/Colgante-Clave-de-Sol.jpg?resize=354%2C354\" alt=\"Colgante para profesores | colgante m\u00fasica\" class=\"wp-image-1448\" srcset=\"https:\/\/i0.wp.com\/miplatafina.es\/blog\/wp-content\/uploads\/2019\/11\/Colgante-Clave-de-Sol.jpg?w=354 354w, https:\/\/i0.wp.com\/miplatafina.es\/blog\/wp-content\/uploads\/2019\/11\/Colgante-Clave-de-Sol.jpg?resize=150%2C150 150w, https:\/\/i0.wp.com\/miplatafina.es\/blog\/wp-content\/uploads\/2019\/11\/Colgante-Clave-de-Sol.jpg?resize=300%2C300 300w\" sizes=\"(max-width: 354px) 100vw, 354px\" \/><\/a><figcaption>\u00bfAlg\u00fan m\u00fasico en la sala? A cualquier profesor le encantar\u00eda recibir este gran detalle para navidad.<\/figcaption><\/figure><\/div>\n\n\n\n<div style=\"height:20px\" aria-hidden=\"true\" class=\"wp-block-spacer\"><\/div>\n\n\n\n<p>Recuerda, solo del 25 de noviembre al 2 de diciembre, todas las joyas personalizadas de Mi Plata Fina est\u00e1n rebajadas al 25%<\/p>\n\n\n\n<p>Aprovecha para hacer tus regalos de navidad, ahorrando.<\/p>\n\n\n\n<p style=\"text-align:center\" class=\"has-background has-medium-font-size has-very-light-gray-background-color\"><strong>Haz clic aqu\u00ed para acceder al cat\u00e1logo completo &gt;&gt; https:\/\/bit.ly\/2CI8HJ4<\/strong><\/p>\n\n\n\n<div style=\"height:63px\" aria-hidden=\"true\" class=\"wp-block-spacer\"><\/div>\n","protected":false},"excerpt":{"rendered":"<p>Accede a nuestro recopilatorio de joyas personalizadas por menos de 30\u20ac. Esta semana, con motivo del Black Friday, todas las joyas personalizadas de Mi Plata Fina est\u00e1n rebajadas al 25%. As\u00ed que ya sabes, desde el 25 de noviembre, hasta el 2 de diciembre, puedes&nbsp;<a class=\"read-more\" href=\"http:\/\/miplatafina.es\/blog\/joyas-personalizadas-por-menos-de-30e\/\">&hellip;<\/a><\/p>\n","protected":false},"author":1,"featured_media":1461,"comment_status":"open","ping_status":"open","sticky":true,"template":"","format":"standard","meta":{"jetpack_post_was_ever_published":false,"_jetpack_newsletter_access":"","_jetpack_dont_email_post_to_subs":false,"_jetpack_newsletter_tier_id":0,"_jetpack_memberships_contains_paywalled_content":false,"_jetpack_memberships_contains_paid_content":false,"footnotes":"","jetpack_publicize_message":"","jetpack_publicize_feature_enabled":true,"jetpack_social_post_already_shared":true,"jetpack_social_options":{"image_generator_settings":{"template":"highway","enabled":false},"version":2}},"categories":[55],"tags":[228,229,93,227],"class_list":["post-1447","post","type-post","status-publish","format-standard","has-post-thumbnail","hentry","category-lifestyle","tag-black-friday-2019","tag-comprar-joyas","tag-joyas-personalizadas","tag-joyas-personalizadas-black-friday"],"jetpack_publicize_connections":[],"yoast_head":"<!-- This site is optimized with the Yoast SEO plugin v25.6 - https:\/\/yoast.com\/wordpress\/plugins\/seo\/ -->\n<title>[Black Friday] Joyas Personalizadas por menos de 30\u20ac - Mi plata fina<\/title>\n<meta name=\"description\" content=\"Joyas Personalizadas por menos de 30\u20ac para que estas navidades aciertes con tu regalo sin arruinar tu presupuesto.\" \/>\n<meta name=\"robots\" content=\"index, follow, max-snippet:-1, max-image-preview:large, max-video-preview:-1\" \/>\n<link rel=\"canonical\" href=\"http:\/\/miplatafina.es\/blog\/joyas-personalizadas-por-menos-de-30e\/\" \/>\n<meta property=\"og:locale\" content=\"es_ES\" \/>\n<meta property=\"og:type\" content=\"article\" \/>\n<meta property=\"og:title\" content=\"[Black Friday] Joyas Personalizadas por menos de 30\u20ac - Mi plata fina\" \/>\n<meta property=\"og:description\" content=\"Joyas Personalizadas por menos de 30\u20ac para que estas navidades aciertes con tu regalo sin arruinar tu presupuesto.\" \/>\n<meta property=\"og:url\" content=\"http:\/\/miplatafina.es\/blog\/joyas-personalizadas-por-menos-de-30e\/\" \/>\n<meta property=\"og:site_name\" content=\"Mi plata fina\" \/>\n<meta property=\"article:published_time\" content=\"2019-11-20T08:04:27+00:00\" \/>\n<meta property=\"og:image\" content=\"https:\/\/i0.wp.com\/miplatafina.es\/blog\/wp-content\/uploads\/2019\/11\/COLLAGE-30-%E2%82%AC.jpg?fit=6099%2C6099\" \/>\n\t<meta property=\"og:image:width\" content=\"6099\" \/>\n\t<meta property=\"og:image:height\" content=\"6099\" \/>\n\t<meta property=\"og:image:type\" content=\"image\/jpeg\" \/>\n<meta name=\"author\" content=\"admin\" \/>\n<meta name=\"twitter:card\" content=\"summary_large_image\" \/>\n<meta name=\"twitter:label1\" content=\"Escrito por\" \/>\n\t<meta name=\"twitter:data1\" content=\"admin\" \/>\n\t<meta name=\"twitter:label2\" content=\"Tiempo de lectura\" \/>\n\t<meta name=\"twitter:data2\" content=\"2 minutos\" \/>\n<script type=\"application\/ld+json\" class=\"yoast-schema-graph\">{\"@context\":\"https:\/\/schema.org\",\"@graph\":[{\"@type\":\"WebPage\",\"@id\":\"http:\/\/miplatafina.es\/blog\/joyas-personalizadas-por-menos-de-30e\/\",\"url\":\"http:\/\/miplatafina.es\/blog\/joyas-personalizadas-por-menos-de-30e\/\",\"name\":\"[Black Friday] Joyas Personalizadas por menos de 30\u20ac - Mi plata fina\",\"isPartOf\":{\"@id\":\"http:\/\/miplatafina.es\/blog\/#website\"},\"primaryImageOfPage\":{\"@id\":\"http:\/\/miplatafina.es\/blog\/joyas-personalizadas-por-menos-de-30e\/#primaryimage\"},\"image\":{\"@id\":\"http:\/\/miplatafina.es\/blog\/joyas-personalizadas-por-menos-de-30e\/#primaryimage\"},\"thumbnailUrl\":\"https:\/\/i0.wp.com\/miplatafina.es\/blog\/wp-content\/uploads\/2019\/11\/COLLAGE-30-%E2%82%AC.jpg?fit=6099%2C6099\",\"datePublished\":\"2019-11-20T08:04:27+00:00\",\"author\":{\"@id\":\"http:\/\/miplatafina.es\/blog\/#\/schema\/person\/cb5cc8d28f4ff371fda7bf98ab6ed0f0\"},\"description\":\"Joyas Personalizadas por menos de 30\u20ac para que estas navidades aciertes con tu regalo sin arruinar tu presupuesto.\",\"breadcrumb\":{\"@id\":\"http:\/\/miplatafina.es\/blog\/joyas-personalizadas-por-menos-de-30e\/#breadcrumb\"},\"inLanguage\":\"es\",\"potentialAction\":[{\"@type\":\"ReadAction\",\"target\":[\"http:\/\/miplatafina.es\/blog\/joyas-personalizadas-por-menos-de-30e\/\"]}]},{\"@type\":\"ImageObject\",\"inLanguage\":\"es\",\"@id\":\"http:\/\/miplatafina.es\/blog\/joyas-personalizadas-por-menos-de-30e\/#primaryimage\",\"url\":\"https:\/\/i0.wp.com\/miplatafina.es\/blog\/wp-content\/uploads\/2019\/11\/COLLAGE-30-%E2%82%AC.jpg?fit=6099%2C6099\",\"contentUrl\":\"https:\/\/i0.wp.com\/miplatafina.es\/blog\/wp-content\/uploads\/2019\/11\/COLLAGE-30-%E2%82%AC.jpg?fit=6099%2C6099\",\"width\":6099,\"height\":6099,\"caption\":\"Joyas Personalizadas por menos de 30\u20ac\"},{\"@type\":\"BreadcrumbList\",\"@id\":\"http:\/\/miplatafina.es\/blog\/joyas-personalizadas-por-menos-de-30e\/#breadcrumb\",\"itemListElement\":[{\"@type\":\"ListItem\",\"position\":1,\"name\":\"Portada\",\"item\":\"http:\/\/miplatafina.es\/blog\/\"},{\"@type\":\"ListItem\",\"position\":2,\"name\":\"INICIO\",\"item\":\"http:\/\/miplatafina.es\/blog\/category\/inicio\/\"},{\"@type\":\"ListItem\",\"position\":3,\"name\":\"INSPIRACI\u00d3N\",\"item\":\"https:\/\/miplatafina.es\/blog\/category\/inicio\/lifestyle\/\"},{\"@type\":\"ListItem\",\"position\":4,\"name\":\"[Black Friday] Joyas Personalizadas por menos de 30\u20ac\"}]},{\"@type\":\"WebSite\",\"@id\":\"http:\/\/miplatafina.es\/blog\/#website\",\"url\":\"http:\/\/miplatafina.es\/blog\/\",\"name\":\"Mi plata fina\",\"description\":\"Joyas que hablan de ti\",\"potentialAction\":[{\"@type\":\"SearchAction\",\"target\":{\"@type\":\"EntryPoint\",\"urlTemplate\":\"http:\/\/miplatafina.es\/blog\/?s={search_term_string}\"},\"query-input\":{\"@type\":\"PropertyValueSpecification\",\"valueRequired\":true,\"valueName\":\"search_term_string\"}}],\"inLanguage\":\"es\"},{\"@type\":\"Person\",\"@id\":\"http:\/\/miplatafina.es\/blog\/#\/schema\/person\/cb5cc8d28f4ff371fda7bf98ab6ed0f0\",\"name\":\"admin\",\"image\":{\"@type\":\"ImageObject\",\"inLanguage\":\"es\",\"@id\":\"http:\/\/miplatafina.es\/blog\/#\/schema\/person\/image\/\",\"url\":\"http:\/\/1.gravatar.com\/avatar\/a240cb535b85bdc63241906cd2769adf?s=96&d=mm&r=g\",\"contentUrl\":\"http:\/\/1.gravatar.com\/avatar\/a240cb535b85bdc63241906cd2769adf?s=96&d=mm&r=g\",\"caption\":\"admin\"},\"url\":\"http:\/\/miplatafina.es\/blog\/author\/admin\/\"}]}<\/script>\n<!-- \/ Yoast SEO plugin. -->","yoast_head_json":{"title":"[Black Friday] Joyas Personalizadas por menos de 30\u20ac - Mi plata fina","description":"Joyas Personalizadas por menos de 30\u20ac para que estas navidades aciertes con tu regalo sin arruinar tu presupuesto.","robots":{"index":"index","follow":"follow","max-snippet":"max-snippet:-1","max-image-preview":"max-image-preview:large","max-video-preview":"max-video-preview:-1"},"canonical":"http:\/\/miplatafina.es\/blog\/joyas-personalizadas-por-menos-de-30e\/","og_locale":"es_ES","og_type":"article","og_title":"[Black Friday] Joyas Personalizadas por menos de 30\u20ac - Mi plata fina","og_description":"Joyas Personalizadas por menos de 30\u20ac para que estas navidades aciertes con tu regalo sin arruinar tu presupuesto.","og_url":"http:\/\/miplatafina.es\/blog\/joyas-personalizadas-por-menos-de-30e\/","og_site_name":"Mi plata fina","article_published_time":"2019-11-20T08:04:27+00:00","og_image":[{"width":6099,"height":6099,"url":"https:\/\/i0.wp.com\/miplatafina.es\/blog\/wp-content\/uploads\/2019\/11\/COLLAGE-30-%E2%82%AC.jpg?fit=6099%2C6099","type":"image\/jpeg"}],"author":"admin","twitter_card":"summary_large_image","twitter_misc":{"Escrito por":"admin","Tiempo de lectura":"2 minutos"},"schema":{"@context":"https:\/\/schema.org","@graph":[{"@type":"WebPage","@id":"http:\/\/miplatafina.es\/blog\/joyas-personalizadas-por-menos-de-30e\/","url":"http:\/\/miplatafina.es\/blog\/joyas-personalizadas-por-menos-de-30e\/","name":"[Black Friday] Joyas Personalizadas por menos de 30\u20ac - Mi plata fina","isPartOf":{"@id":"http:\/\/miplatafina.es\/blog\/#website"},"primaryImageOfPage":{"@id":"http:\/\/miplatafina.es\/blog\/joyas-personalizadas-por-menos-de-30e\/#primaryimage"},"image":{"@id":"http:\/\/miplatafina.es\/blog\/joyas-personalizadas-por-menos-de-30e\/#primaryimage"},"thumbnailUrl":"https:\/\/i0.wp.com\/miplatafina.es\/blog\/wp-content\/uploads\/2019\/11\/COLLAGE-30-%E2%82%AC.jpg?fit=6099%2C6099","datePublished":"2019-11-20T08:04:27+00:00","author":{"@id":"http:\/\/miplatafina.es\/blog\/#\/schema\/person\/cb5cc8d28f4ff371fda7bf98ab6ed0f0"},"description":"Joyas Personalizadas por menos de 30\u20ac para que estas navidades aciertes con tu regalo sin arruinar tu presupuesto.","breadcrumb":{"@id":"http:\/\/miplatafina.es\/blog\/joyas-personalizadas-por-menos-de-30e\/#breadcrumb"},"inLanguage":"es","potentialAction":[{"@type":"ReadAction","target":["http:\/\/miplatafina.es\/blog\/joyas-personalizadas-por-menos-de-30e\/"]}]},{"@type":"ImageObject","inLanguage":"es","@id":"http:\/\/miplatafina.es\/blog\/joyas-personalizadas-por-menos-de-30e\/#primaryimage","url":"https:\/\/i0.wp.com\/miplatafina.es\/blog\/wp-content\/uploads\/2019\/11\/COLLAGE-30-%E2%82%AC.jpg?fit=6099%2C6099","contentUrl":"https:\/\/i0.wp.com\/miplatafina.es\/blog\/wp-content\/uploads\/2019\/11\/COLLAGE-30-%E2%82%AC.jpg?fit=6099%2C6099","width":6099,"height":6099,"caption":"Joyas Personalizadas por menos de 30\u20ac"},{"@type":"BreadcrumbList","@id":"http:\/\/miplatafina.es\/blog\/joyas-personalizadas-por-menos-de-30e\/#breadcrumb","itemListElement":[{"@type":"ListItem","position":1,"name":"Portada","item":"http:\/\/miplatafina.es\/blog\/"},{"@type":"ListItem","position":2,"name":"INICIO","item":"http:\/\/miplatafina.es\/blog\/category\/inicio\/"},{"@type":"ListItem","position":3,"name":"INSPIRACI\u00d3N","item":"https:\/\/miplatafina.es\/blog\/category\/inicio\/lifestyle\/"},{"@type":"ListItem","position":4,"name":"[Black Friday] Joyas Personalizadas por menos de 30\u20ac"}]},{"@type":"WebSite","@id":"http:\/\/miplatafina.es\/blog\/#website","url":"http:\/\/miplatafina.es\/blog\/","name":"Mi plata fina","description":"Joyas que hablan de ti","potentialAction":[{"@type":"SearchAction","target":{"@type":"EntryPoint","urlTemplate":"http:\/\/miplatafina.es\/blog\/?s={search_term_string}"},"query-input":{"@type":"PropertyValueSpecification","valueRequired":true,"valueName":"search_term_string"}}],"inLanguage":"es"},{"@type":"Person","@id":"http:\/\/miplatafina.es\/blog\/#\/schema\/person\/cb5cc8d28f4ff371fda7bf98ab6ed0f0","name":"admin","image":{"@type":"ImageObject","inLanguage":"es","@id":"http:\/\/miplatafina.es\/blog\/#\/schema\/person\/image\/","url":"http:\/\/1.gravatar.com\/avatar\/a240cb535b85bdc63241906cd2769adf?s=96&d=mm&r=g","contentUrl":"http:\/\/1.gravatar.com\/avatar\/a240cb535b85bdc63241906cd2769adf?s=96&d=mm&r=g","caption":"admin"},"url":"http:\/\/miplatafina.es\/blog\/author\/admin\/"}]}},"jetpack_featured_media_url":"https:\/\/i0.wp.com\/miplatafina.es\/blog\/wp-content\/uploads\/2019\/11\/COLLAGE-30-%E2%82%AC.jpg?fit=6099%2C6099","jetpack_sharing_enabled":true,"jetpack_shortlink":"https:\/\/wp.me\/p9j6Jz-nl","jetpack_likes_enabled":true,"jetpack-related-posts":[],"_links":{"self":[{"href":"http:\/\/miplatafina.es\/blog\/wp-json\/wp\/v2\/posts\/1447"}],"collection":[{"href":"http:\/\/miplatafina.es\/blog\/wp-json\/wp\/v2\/posts"}],"about":[{"href":"http:\/\/miplatafina.es\/blog\/wp-json\/wp\/v2\/types\/post"}],"author":[{"embeddable":true,"href":"http:\/\/miplatafina.es\/blog\/wp-json\/wp\/v2\/users\/1"}],"replies":[{"embeddable":true,"href":"http:\/\/miplatafina.es\/blog\/wp-json\/wp\/v2\/comments?post=1447"}],"version-history":[{"count":3,"href":"http:\/\/miplatafina.es\/blog\/wp-json\/wp\/v2\/posts\/1447\/revisions"}],"predecessor-version":[{"id":1466,"href":"http:\/\/miplatafina.es\/blog\/wp-json\/wp\/v2\/posts\/1447\/revisions\/1466"}],"wp:featuredmedia":[{"embeddable":true,"href":"http:\/\/miplatafina.es\/blog\/wp-json\/wp\/v2\/media\/1461"}],"wp:attachment":[{"href":"http:\/\/miplatafina.es\/blog\/wp-json\/wp\/v2\/media?parent=1447"}],"wp:term":[{"taxonomy":"category","embeddable":true,"href":"http:\/\/miplatafina.es\/blog\/wp-json\/wp\/v2\/categories?post=1447"},{"taxonomy":"post_tag","embeddable":true,"href":"http:\/\/miplatafina.es\/blog\/wp-json\/wp\/v2\/tags?post=1447"}],"curies":[{"name":"wp","href":"https:\/\/api.w.org\/{rel}","templated":true}]}}