{"id":1510,"date":"2020-02-24T10:16:50","date_gmt":"2020-02-24T10:16:50","guid":{"rendered":"http:\/\/miplatafina.es\/blog\/?p=1510"},"modified":"2020-02-24T11:34:57","modified_gmt":"2020-02-24T11:34:57","slug":"ideas-dia-del-padre-2020","status":"publish","type":"post","link":"http:\/\/miplatafina.es\/blog\/ideas-dia-del-padre-2020\/","title":{"rendered":"Las mejores dedicatorias para el D\u00eda del Padre [Ideas D\u00eda del Padre 2020]"},"content":{"rendered":"<p><span style=\"font-weight: 400;\">Con motivo del <\/span><b>D\u00eda del padre<\/b><span style=\"font-weight: 400;\"> -jueves, 19 de marzo de 2020- recopilamos las <\/span><b>frases para pap\u00e1s<\/b><span style=\"font-weight: 400;\"> \u00e9picas que han pasado por Mi Plata Fina, <\/span><b>joyer\u00eda personalizada<\/b><span style=\"font-weight: 400;\">.<\/span><\/p>\n<p><span style=\"font-weight: 400;\">Si est\u00e1s buscando el <\/span><b>regalo del d\u00eda del padre<\/b><span style=\"font-weight: 400;\"> perfecto, atento porque te proponemos las dedicatorias m\u00e1s emotivas\u00a0 para grabar en las<\/span><b> joyas para padres<\/b><span style=\"font-weight: 400;\"> m\u00e1s espectaculares.<\/span><\/p>\n<p><span style=\"font-weight: 400;\">En Mi Plata Fina es muy sencillo regalar:<\/span><\/p>\n<p>&nbsp;<\/p>\n<p style=\"text-align: center;\"><strong>1. Escoge tu Joya preferida<\/strong><\/p>\n<p style=\"text-align: center;\"><strong>2. A\u00f1ade el grabado<\/strong> que quieras: una frase, una fecha,<\/p>\n<p style=\"text-align: center;\">un nombre, un dibujo \u00a1Lo que quieras!<\/p>\n<p style=\"text-align: center;\">3. Y rec\u00edbelo en <strong>24-48h (Pen\u00ednsula)<\/strong><\/p>\n<p>&nbsp;<\/p>\n<p style=\"text-align: center;\"><span style=\"font-weight: 400;\">\u00a1Comenzamos!<\/span><\/p>\n<p>&nbsp;<\/p>\n<p>&nbsp;<\/p>\n<h3 style=\"text-align: center;\"><b>Dedicatorias para Padres que apasionados del p\u00e1del<\/b><\/h3>\n<p style=\"text-align: center;\"><em><span style=\"font-weight: 400;\">Acepta los fallos pero no aceptes no intentarlo<\/span><\/em><\/p>\n<p style=\"text-align: center;\"><em><span style=\"font-weight: 400;\">Gracias por ir siempre a mi bola<\/span><\/em><\/p>\n<p style=\"text-align: center;\"><em><span style=\"font-weight: 400;\">Keep Calm and play Padel<\/span><\/em><\/p>\n<p style=\"text-align: center;\"><em><span style=\"font-weight: 400;\">I Love P\u00e1del<\/span><\/em><\/p>\n<p>&nbsp;<\/p>\n<h3 style=\"text-align: center;\"><strong>Ideas de Regalos para el d\u00eda del padre<\/strong><\/h3>\n<p>&nbsp;<\/p>\n<p style=\"text-align: center;\"><a href=\"https:\/\/www.miplatafina.es\/es\/joyas-para-papa\/693-colgante-padel-dia-del-padre.html\"><img data-recalc-dims=\"1\" loading=\"lazy\" decoding=\"async\" data-attachment-id=\"1511\" data-permalink=\"http:\/\/miplatafina.es\/blog\/ideas-dia-del-padre-2020\/padel1\/\" data-orig-file=\"https:\/\/i0.wp.com\/miplatafina.es\/blog\/wp-content\/uploads\/2020\/02\/padel1.jpg?fit=300%2C300\" data-orig-size=\"300,300\" data-comments-opened=\"1\" data-image-meta=\"{&quot;aperture&quot;:&quot;0&quot;,&quot;credit&quot;:&quot;&quot;,&quot;camera&quot;:&quot;&quot;,&quot;caption&quot;:&quot;&quot;,&quot;created_timestamp&quot;:&quot;0&quot;,&quot;copyright&quot;:&quot;&quot;,&quot;focal_length&quot;:&quot;0&quot;,&quot;iso&quot;:&quot;0&quot;,&quot;shutter_speed&quot;:&quot;0&quot;,&quot;title&quot;:&quot;&quot;,&quot;orientation&quot;:&quot;0&quot;}\" data-image-title=\"Regalos dia del padre | Regalo Padel\" data-image-description=\"\" data-image-caption=\"\" data-medium-file=\"https:\/\/i0.wp.com\/miplatafina.es\/blog\/wp-content\/uploads\/2020\/02\/padel1.jpg?fit=300%2C300\" data-large-file=\"https:\/\/i0.wp.com\/miplatafina.es\/blog\/wp-content\/uploads\/2020\/02\/padel1.jpg?fit=300%2C300\" class=\"alignnone size-full wp-image-1511\" src=\"https:\/\/i0.wp.com\/miplatafina.es\/blog\/wp-content\/uploads\/2020\/02\/padel1.jpg?resize=300%2C300\" alt=\"Regalos dia del padre | Regalo Padel\" width=\"300\" height=\"300\" srcset=\"https:\/\/i0.wp.com\/miplatafina.es\/blog\/wp-content\/uploads\/2020\/02\/padel1.jpg?w=300 300w, https:\/\/i0.wp.com\/miplatafina.es\/blog\/wp-content\/uploads\/2020\/02\/padel1.jpg?resize=150%2C150 150w\" sizes=\"(max-width: 300px) 100vw, 300px\" \/><\/a><\/p>\n<h4 style=\"text-align: center;\"><em><a href=\"https:\/\/www.miplatafina.es\/es\/joyas-para-papa\/693-colgante-padel-dia-del-padre.html\"><strong>Ir a Colgante Padel<\/strong><\/a><\/em><\/h4>\n<p>&nbsp;<\/p>\n<p style=\"text-align: center;\"><a href=\"https:\/\/i0.wp.com\/miplatafina.es\/blog\/wp-content\/uploads\/2020\/02\/padel2.jpg\"><img data-recalc-dims=\"1\" loading=\"lazy\" decoding=\"async\" data-attachment-id=\"1513\" data-permalink=\"http:\/\/miplatafina.es\/blog\/ideas-dia-del-padre-2020\/padel2\/\" data-orig-file=\"https:\/\/i0.wp.com\/miplatafina.es\/blog\/wp-content\/uploads\/2020\/02\/padel2.jpg?fit=458%2C458\" data-orig-size=\"458,458\" data-comments-opened=\"1\" data-image-meta=\"{&quot;aperture&quot;:&quot;0&quot;,&quot;credit&quot;:&quot;&quot;,&quot;camera&quot;:&quot;&quot;,&quot;caption&quot;:&quot;&quot;,&quot;created_timestamp&quot;:&quot;0&quot;,&quot;copyright&quot;:&quot;&quot;,&quot;focal_length&quot;:&quot;0&quot;,&quot;iso&quot;:&quot;0&quot;,&quot;shutter_speed&quot;:&quot;0&quot;,&quot;title&quot;:&quot;&quot;,&quot;orientation&quot;:&quot;0&quot;}\" data-image-title=\"Regalos dia del padre | Regalo Padel\" data-image-description=\"\" data-image-caption=\"\" data-medium-file=\"https:\/\/i0.wp.com\/miplatafina.es\/blog\/wp-content\/uploads\/2020\/02\/padel2.jpg?fit=300%2C300\" data-large-file=\"https:\/\/i0.wp.com\/miplatafina.es\/blog\/wp-content\/uploads\/2020\/02\/padel2.jpg?fit=458%2C458\" class=\"alignnone size-medium wp-image-1513\" src=\"https:\/\/i0.wp.com\/miplatafina.es\/blog\/wp-content\/uploads\/2020\/02\/padel2.jpg?resize=300%2C300\" alt=\"Regalos dia del padre | Regalo Padel\" width=\"300\" height=\"300\" srcset=\"https:\/\/i0.wp.com\/miplatafina.es\/blog\/wp-content\/uploads\/2020\/02\/padel2.jpg?resize=300%2C300 300w, https:\/\/i0.wp.com\/miplatafina.es\/blog\/wp-content\/uploads\/2020\/02\/padel2.jpg?resize=150%2C150 150w, https:\/\/i0.wp.com\/miplatafina.es\/blog\/wp-content\/uploads\/2020\/02\/padel2.jpg?w=458 458w\" sizes=\"(max-width: 300px) 100vw, 300px\" \/><\/a><\/p>\n<h4 style=\"text-align: center;\"><em><a href=\"https:\/\/www.miplatafina.es\/es\/joyas-para-papa\/701-llavero-padel-dia-del-padre-oro.html\"><strong>Ir a Llavero P\u00e1del<\/strong><\/a><\/em><\/h4>\n<p>&nbsp;<\/p>\n<h3><\/h3>\n<h3 style=\"text-align: center;\"><b>Dedicatorias para <\/b><b>Padres con sentido del Humor<\/b><\/h3>\n<p style=\"text-align: center;\"><em><span style=\"font-weight: 400;\">Pap\u00e1, eres clavadito a m\u00ed.<\/span><\/em><\/p>\n<p style=\"text-align: center;\"><em><span style=\"font-weight: 400;\">No todos los S\u00faperH\u00e9roes llevan capa<\/span><\/em><\/p>\n<p style=\"text-align: center;\"><em><span style=\"font-weight: 400;\">My Dad, limited Edition<\/span><\/em><\/p>\n<p style=\"text-align: center;\"><em><span style=\"font-weight: 400;\">Gracias por ense\u00f1arme m\u00e1s que Google<\/span><\/em><\/p>\n<p style=\"text-align: center;\"><em><span style=\"font-weight: 400;\">1 + 1 = 5<\/span><\/em><\/p>\n<p>&nbsp;<\/p>\n<h3 style=\"text-align: center;\"><strong>Ideas de Regalos para el d\u00eda del padre<\/strong><\/h3>\n<p>&nbsp;<\/p>\n<p style=\"text-align: center;\"><span style=\"font-weight: 400;\">\u00a0<a href=\"https:\/\/www.miplatafina.es\/es\/joyas-para-papa\/201-pulsera-de-piel-dia-del-padre.html\"><img data-recalc-dims=\"1\" loading=\"lazy\" decoding=\"async\" data-attachment-id=\"1514\" data-permalink=\"http:\/\/miplatafina.es\/blog\/ideas-dia-del-padre-2020\/piel-2\/\" data-orig-file=\"https:\/\/i0.wp.com\/miplatafina.es\/blog\/wp-content\/uploads\/2020\/02\/piel.jpg?fit=300%2C300\" data-orig-size=\"300,300\" data-comments-opened=\"1\" data-image-meta=\"{&quot;aperture&quot;:&quot;0&quot;,&quot;credit&quot;:&quot;&quot;,&quot;camera&quot;:&quot;&quot;,&quot;caption&quot;:&quot;&quot;,&quot;created_timestamp&quot;:&quot;0&quot;,&quot;copyright&quot;:&quot;&quot;,&quot;focal_length&quot;:&quot;0&quot;,&quot;iso&quot;:&quot;0&quot;,&quot;shutter_speed&quot;:&quot;0&quot;,&quot;title&quot;:&quot;&quot;,&quot;orientation&quot;:&quot;0&quot;}\" data-image-title=\"Regalos dia del padre | Pulsera piel hombre\" data-image-description=\"\" data-image-caption=\"\" data-medium-file=\"https:\/\/i0.wp.com\/miplatafina.es\/blog\/wp-content\/uploads\/2020\/02\/piel.jpg?fit=300%2C300\" data-large-file=\"https:\/\/i0.wp.com\/miplatafina.es\/blog\/wp-content\/uploads\/2020\/02\/piel.jpg?fit=300%2C300\" class=\"alignnone size-full wp-image-1514\" src=\"https:\/\/i0.wp.com\/miplatafina.es\/blog\/wp-content\/uploads\/2020\/02\/piel.jpg?resize=300%2C300\" alt=\"Regalos dia del padre | Pulsera piel hombre\" width=\"300\" height=\"300\" srcset=\"https:\/\/i0.wp.com\/miplatafina.es\/blog\/wp-content\/uploads\/2020\/02\/piel.jpg?w=300 300w, https:\/\/i0.wp.com\/miplatafina.es\/blog\/wp-content\/uploads\/2020\/02\/piel.jpg?resize=150%2C150 150w\" sizes=\"(max-width: 300px) 100vw, 300px\" \/><\/a><\/span><\/p>\n<h4 style=\"text-align: center;\"><em><a href=\"https:\/\/www.miplatafina.es\/es\/joyas-para-papa\/201-pulsera-de-piel-dia-del-padre.html\"><strong>Ir a Pulsera de Piel<\/strong><\/a><\/em><\/h4>\n<p>&nbsp;<\/p>\n<h3 style=\"text-align: center;\"><b>Dedicatorias para <\/b><b>S\u00faper Padres de familia<\/b><\/h3>\n<p style=\"text-align: center;\"><em><span style=\"font-weight: 400;\">Cuando se me cierran todas las puertas t\u00fa me abres una ventana.<\/span><\/em><\/p>\n<p style=\"text-align: center;\"><em><span style=\"font-weight: 400;\">Lo mejor de tenerte como padres es que mis hijos te tengan como abuelo<\/span><\/em><\/p>\n<p style=\"text-align: center;\"><em><span style=\"font-weight: 400;\">Para un pap\u00e1 de 10<\/span><\/em><\/p>\n<p style=\"text-align: center;\"><em><span style=\"font-weight: 400;\">Gracias por estar siempre, pap\u00e1<\/span><\/em><\/p>\n<p style=\"text-align: center;\"><em><span style=\"font-weight: 400;\">Siempre ser\u00e9 la ni\u00f1a de tus ojos<\/span><\/em><\/p>\n<p>&nbsp;<\/p>\n<p style=\"text-align: center;\"><span style=\"font-weight: 400;\"> <a href=\"https:\/\/www.miplatafina.es\/es\/joyas-para-papa\/205-pulsera-quattro-dia-del-padre.html\"><img data-recalc-dims=\"1\" loading=\"lazy\" decoding=\"async\" data-attachment-id=\"1516\" data-permalink=\"http:\/\/miplatafina.es\/blog\/ideas-dia-del-padre-2020\/pulsera-quattro-dia-del-padre\/\" data-orig-file=\"https:\/\/i0.wp.com\/miplatafina.es\/blog\/wp-content\/uploads\/2020\/02\/pulsera-quattro-dia-del-padre.jpg?fit=300%2C300\" data-orig-size=\"300,300\" data-comments-opened=\"1\" data-image-meta=\"{&quot;aperture&quot;:&quot;0&quot;,&quot;credit&quot;:&quot;&quot;,&quot;camera&quot;:&quot;&quot;,&quot;caption&quot;:&quot;&quot;,&quot;created_timestamp&quot;:&quot;0&quot;,&quot;copyright&quot;:&quot;&quot;,&quot;focal_length&quot;:&quot;0&quot;,&quot;iso&quot;:&quot;0&quot;,&quot;shutter_speed&quot;:&quot;0&quot;,&quot;title&quot;:&quot;&quot;,&quot;orientation&quot;:&quot;0&quot;}\" data-image-title=\"Regalos dia del padre | Regalo pulsera padres\" data-image-description=\"\" data-image-caption=\"\" data-medium-file=\"https:\/\/i0.wp.com\/miplatafina.es\/blog\/wp-content\/uploads\/2020\/02\/pulsera-quattro-dia-del-padre.jpg?fit=300%2C300\" data-large-file=\"https:\/\/i0.wp.com\/miplatafina.es\/blog\/wp-content\/uploads\/2020\/02\/pulsera-quattro-dia-del-padre.jpg?fit=300%2C300\" class=\"alignnone size-full wp-image-1516\" src=\"https:\/\/i0.wp.com\/miplatafina.es\/blog\/wp-content\/uploads\/2020\/02\/pulsera-quattro-dia-del-padre.jpg?resize=300%2C300\" alt=\"Regalos dia del padre | Regalo pulsera padres\" width=\"300\" height=\"300\" srcset=\"https:\/\/i0.wp.com\/miplatafina.es\/blog\/wp-content\/uploads\/2020\/02\/pulsera-quattro-dia-del-padre.jpg?w=300 300w, https:\/\/i0.wp.com\/miplatafina.es\/blog\/wp-content\/uploads\/2020\/02\/pulsera-quattro-dia-del-padre.jpg?resize=150%2C150 150w\" sizes=\"(max-width: 300px) 100vw, 300px\" \/><\/a><\/span><\/p>\n<h4 style=\"text-align: center;\"><em><a href=\"https:\/\/www.miplatafina.es\/es\/joyas-para-papa\/205-pulsera-quattro-dia-del-padre.html\"><strong>Ir a Pulsera Quattro<\/strong><\/a><\/em><\/h4>\n<p>&nbsp;<\/p>\n<h3 style=\"text-align: center;\"><b>Dedicatorias para <\/b><b>Padres viajeros que nunca paran<\/b><\/h3>\n<p style=\"text-align: center;\"><em><span style=\"font-weight: 400;\">Para el mundo eres mi pap\u00e1, para m\u00ed t\u00fa eres el mundo<\/span><\/em><\/p>\n<p style=\"text-align: center;\"><em><span style=\"font-weight: 400;\">Tienes esp\u00edritu WanderLust<\/span><\/em><\/p>\n<p style=\"text-align: center;\"><em><span style=\"font-weight: 400;\">All\u00e1 a d\u00f3nde vayas, ll\u00e9vame contigo<\/span><\/em><\/p>\n<p style=\"text-align: center;\"><em><span style=\"font-weight: 400;\">Mi casa eres t\u00fa<\/span><\/em><\/p>\n<p>&nbsp;<\/p>\n<p style=\"text-align: center;\"><a href=\"https:\/\/www.miplatafina.es\/es\/home\/684-brazalete-wanderlust.html\"><img data-recalc-dims=\"1\" loading=\"lazy\" decoding=\"async\" data-attachment-id=\"1515\" data-permalink=\"http:\/\/miplatafina.es\/blog\/ideas-dia-del-padre-2020\/brazalete-wanderlust\/\" data-orig-file=\"https:\/\/i0.wp.com\/miplatafina.es\/blog\/wp-content\/uploads\/2020\/02\/brazalete-wanderlust.jpg?fit=300%2C300\" data-orig-size=\"300,300\" data-comments-opened=\"1\" data-image-meta=\"{&quot;aperture&quot;:&quot;0&quot;,&quot;credit&quot;:&quot;&quot;,&quot;camera&quot;:&quot;&quot;,&quot;caption&quot;:&quot;&quot;,&quot;created_timestamp&quot;:&quot;0&quot;,&quot;copyright&quot;:&quot;&quot;,&quot;focal_length&quot;:&quot;0&quot;,&quot;iso&quot;:&quot;0&quot;,&quot;shutter_speed&quot;:&quot;0&quot;,&quot;title&quot;:&quot;&quot;,&quot;orientation&quot;:&quot;0&quot;}\" data-image-title=\"Regalos dia del padre | Pulsera plata hombre\" data-image-description=\"\" data-image-caption=\"\" data-medium-file=\"https:\/\/i0.wp.com\/miplatafina.es\/blog\/wp-content\/uploads\/2020\/02\/brazalete-wanderlust.jpg?fit=300%2C300\" data-large-file=\"https:\/\/i0.wp.com\/miplatafina.es\/blog\/wp-content\/uploads\/2020\/02\/brazalete-wanderlust.jpg?fit=300%2C300\" class=\"alignnone size-full wp-image-1515\" src=\"https:\/\/i0.wp.com\/miplatafina.es\/blog\/wp-content\/uploads\/2020\/02\/brazalete-wanderlust.jpg?resize=300%2C300\" alt=\"Regalos dia del padre | Pulsera plata hombre\" width=\"300\" height=\"300\" srcset=\"https:\/\/i0.wp.com\/miplatafina.es\/blog\/wp-content\/uploads\/2020\/02\/brazalete-wanderlust.jpg?w=300 300w, https:\/\/i0.wp.com\/miplatafina.es\/blog\/wp-content\/uploads\/2020\/02\/brazalete-wanderlust.jpg?resize=150%2C150 150w\" sizes=\"(max-width: 300px) 100vw, 300px\" \/><\/a><\/p>\n<h4 style=\"text-align: center;\"><em><a href=\"https:\/\/www.miplatafina.es\/es\/home\/684-brazalete-wanderlust.html\"><strong>Ir a Brazalete WanderLust<\/strong><\/a><\/em><\/h4>\n<p>&nbsp;<\/p>\n<p style=\"text-align: center;\"><b>\u00bfQuieres m\u00e1s ideas de grabados y joyas? <\/b><\/p>\n<p style=\"text-align: center;\"><b>Vis\u00edtanos en Regalos para el D\u00eda del Padre y encuentra toda la inspiraci\u00f3n para crear la joya perfecta.<\/b><\/p>\n<h3 style=\"text-align: center;\"><a href=\"https:\/\/www.miplatafina.es\/es\/27--joyas-para-papa\"><b>M\u00e1s inspiraci\u00f3n aqu\u00ed<\/b><\/a><\/h3>\n<p>&nbsp;<\/p>\n","protected":false},"excerpt":{"rendered":"<p>Con motivo del D\u00eda del padre -jueves, 19 de marzo de 2020- recopilamos las frases para pap\u00e1s \u00e9picas que han pasado por Mi Plata Fina, joyer\u00eda personalizada. Si est\u00e1s buscando el regalo del d\u00eda del padre perfecto, atento porque te proponemos las dedicatorias m\u00e1s emotivas\u00a0&nbsp;<a class=\"read-more\" href=\"http:\/\/miplatafina.es\/blog\/ideas-dia-del-padre-2020\/\">&hellip;<\/a><\/p>\n","protected":false},"author":7,"featured_media":1525,"comment_status":"open","ping_status":"open","sticky":false,"template":"","format":"standard","meta":{"jetpack_post_was_ever_published":false,"_jetpack_newsletter_access":"","_jetpack_dont_email_post_to_subs":false,"_jetpack_newsletter_tier_id":0,"_jetpack_memberships_contains_paywalled_content":false,"_jetpack_memberships_contains_paid_content":false,"footnotes":"","jetpack_publicize_message":"","jetpack_publicize_feature_enabled":true,"jetpack_social_post_already_shared":true,"jetpack_social_options":{"image_generator_settings":{"template":"highway","enabled":false},"version":2}},"categories":[1],"tags":[241,237,238,239,93,242,240,243,236],"class_list":["post-1510","post","type-post","status-publish","format-standard","has-post-thumbnail","hentry","category-joyas-personalizadas-para-cada-ocasion","tag-colgantes-para-hombre","tag-dedicatorias-para-padres","tag-ideas-dia-del-padre-2020","tag-joyas-para-hombre","tag-joyas-personalizadas","tag-llaveros-personalizados","tag-pulseras-para-hombre","tag-regalo-padel","tag-regalos-para-padres"],"jetpack_publicize_connections":[],"yoast_head":"<!-- This site is optimized with the Yoast SEO plugin v25.6 - https:\/\/yoast.com\/wordpress\/plugins\/seo\/ -->\n<title>Las mejores dedicatorias para el D\u00eda del Padre [Ideas D\u00eda del Padre 2020] - Mi plata fina<\/title>\n<meta name=\"description\" content=\"Encuentra ideas dia del padre 2020. Joyas personalizadas con tu dedicatoria, regalos personalizados para padres\" \/>\n<meta name=\"robots\" content=\"index, follow, max-snippet:-1, max-image-preview:large, max-video-preview:-1\" \/>\n<link rel=\"canonical\" href=\"http:\/\/miplatafina.es\/blog\/ideas-dia-del-padre-2020\/\" \/>\n<meta property=\"og:locale\" content=\"es_ES\" \/>\n<meta property=\"og:type\" content=\"article\" \/>\n<meta property=\"og:title\" content=\"Las mejores dedicatorias para el D\u00eda del Padre [Ideas D\u00eda del Padre 2020] - Mi plata fina\" \/>\n<meta property=\"og:description\" content=\"Encuentra ideas dia del padre 2020. Joyas personalizadas con tu dedicatoria, regalos personalizados para padres\" \/>\n<meta property=\"og:url\" content=\"http:\/\/miplatafina.es\/blog\/ideas-dia-del-padre-2020\/\" \/>\n<meta property=\"og:site_name\" content=\"Mi plata fina\" \/>\n<meta property=\"article:published_time\" content=\"2020-02-24T10:16:50+00:00\" \/>\n<meta property=\"article:modified_time\" content=\"2020-02-24T11:34:57+00:00\" \/>\n<meta property=\"og:image\" content=\"https:\/\/i0.wp.com\/miplatafina.es\/blog\/wp-content\/uploads\/2020\/02\/4_WANDERLUST-VIAJERO.jpg?fit=1649%2C998\" \/>\n\t<meta property=\"og:image:width\" content=\"1649\" \/>\n\t<meta property=\"og:image:height\" content=\"998\" \/>\n\t<meta property=\"og:image:type\" content=\"image\/jpeg\" \/>\n<meta name=\"author\" content=\"Natalia Dami\u00e0\" \/>\n<meta name=\"twitter:card\" content=\"summary_large_image\" \/>\n<meta name=\"twitter:label1\" content=\"Escrito por\" \/>\n\t<meta name=\"twitter:data1\" content=\"Natalia Dami\u00e0\" \/>\n\t<meta name=\"twitter:label2\" content=\"Tiempo de lectura\" \/>\n\t<meta name=\"twitter:data2\" content=\"2 minutos\" \/>\n<script type=\"application\/ld+json\" class=\"yoast-schema-graph\">{\"@context\":\"https:\/\/schema.org\",\"@graph\":[{\"@type\":\"WebPage\",\"@id\":\"http:\/\/miplatafina.es\/blog\/ideas-dia-del-padre-2020\/\",\"url\":\"http:\/\/miplatafina.es\/blog\/ideas-dia-del-padre-2020\/\",\"name\":\"Las mejores dedicatorias para el D\u00eda del Padre [Ideas D\u00eda del Padre 2020] - Mi plata fina\",\"isPartOf\":{\"@id\":\"http:\/\/miplatafina.es\/blog\/#website\"},\"primaryImageOfPage\":{\"@id\":\"http:\/\/miplatafina.es\/blog\/ideas-dia-del-padre-2020\/#primaryimage\"},\"image\":{\"@id\":\"http:\/\/miplatafina.es\/blog\/ideas-dia-del-padre-2020\/#primaryimage\"},\"thumbnailUrl\":\"https:\/\/i0.wp.com\/miplatafina.es\/blog\/wp-content\/uploads\/2020\/02\/4_WANDERLUST-VIAJERO.jpg?fit=1649%2C998\",\"datePublished\":\"2020-02-24T10:16:50+00:00\",\"dateModified\":\"2020-02-24T11:34:57+00:00\",\"author\":{\"@id\":\"http:\/\/miplatafina.es\/blog\/#\/schema\/person\/249b3020cbf8f0e9ae33fa778ac26e66\"},\"description\":\"Encuentra ideas dia del padre 2020. Joyas personalizadas con tu dedicatoria, regalos personalizados para padres\",\"breadcrumb\":{\"@id\":\"http:\/\/miplatafina.es\/blog\/ideas-dia-del-padre-2020\/#breadcrumb\"},\"inLanguage\":\"es\",\"potentialAction\":[{\"@type\":\"ReadAction\",\"target\":[\"http:\/\/miplatafina.es\/blog\/ideas-dia-del-padre-2020\/\"]}]},{\"@type\":\"ImageObject\",\"inLanguage\":\"es\",\"@id\":\"http:\/\/miplatafina.es\/blog\/ideas-dia-del-padre-2020\/#primaryimage\",\"url\":\"https:\/\/i0.wp.com\/miplatafina.es\/blog\/wp-content\/uploads\/2020\/02\/4_WANDERLUST-VIAJERO.jpg?fit=1649%2C998\",\"contentUrl\":\"https:\/\/i0.wp.com\/miplatafina.es\/blog\/wp-content\/uploads\/2020\/02\/4_WANDERLUST-VIAJERO.jpg?fit=1649%2C998\",\"width\":1649,\"height\":998,\"caption\":\"ideas dia padre 2020 | regalos para padres\"},{\"@type\":\"BreadcrumbList\",\"@id\":\"http:\/\/miplatafina.es\/blog\/ideas-dia-del-padre-2020\/#breadcrumb\",\"itemListElement\":[{\"@type\":\"ListItem\",\"position\":1,\"name\":\"Portada\",\"item\":\"http:\/\/miplatafina.es\/blog\/\"},{\"@type\":\"ListItem\",\"position\":2,\"name\":\"INICIO\",\"item\":\"http:\/\/miplatafina.es\/blog\/category\/inicio\/\"},{\"@type\":\"ListItem\",\"position\":3,\"name\":\"JOYAS PARA CADA OCASI\u00d3N\",\"item\":\"http:\/\/miplatafina.es\/blog\/category\/inicio\/joyas-personalizadas-para-cada-ocasion\/\"},{\"@type\":\"ListItem\",\"position\":4,\"name\":\"Las mejores dedicatorias para el D\u00eda del Padre [Ideas D\u00eda del Padre 2020]\"}]},{\"@type\":\"WebSite\",\"@id\":\"http:\/\/miplatafina.es\/blog\/#website\",\"url\":\"http:\/\/miplatafina.es\/blog\/\",\"name\":\"Mi plata fina\",\"description\":\"Joyas que hablan de ti\",\"potentialAction\":[{\"@type\":\"SearchAction\",\"target\":{\"@type\":\"EntryPoint\",\"urlTemplate\":\"http:\/\/miplatafina.es\/blog\/?s={search_term_string}\"},\"query-input\":{\"@type\":\"PropertyValueSpecification\",\"valueRequired\":true,\"valueName\":\"search_term_string\"}}],\"inLanguage\":\"es\"},{\"@type\":\"Person\",\"@id\":\"http:\/\/miplatafina.es\/blog\/#\/schema\/person\/249b3020cbf8f0e9ae33fa778ac26e66\",\"name\":\"Natalia Dami\u00e0\",\"image\":{\"@type\":\"ImageObject\",\"inLanguage\":\"es\",\"@id\":\"http:\/\/miplatafina.es\/blog\/#\/schema\/person\/image\/\",\"url\":\"http:\/\/1.gravatar.com\/avatar\/d81caf505b5f9f188b776e7388706129?s=96&d=mm&r=g\",\"contentUrl\":\"http:\/\/1.gravatar.com\/avatar\/d81caf505b5f9f188b776e7388706129?s=96&d=mm&r=g\",\"caption\":\"Natalia Dami\u00e0\"},\"url\":\"http:\/\/miplatafina.es\/blog\/author\/natalia\/\"}]}<\/script>\n<!-- \/ Yoast SEO plugin. -->","yoast_head_json":{"title":"Las mejores dedicatorias para el D\u00eda del Padre [Ideas D\u00eda del Padre 2020] - Mi plata fina","description":"Encuentra ideas dia del padre 2020. Joyas personalizadas con tu dedicatoria, regalos personalizados para padres","robots":{"index":"index","follow":"follow","max-snippet":"max-snippet:-1","max-image-preview":"max-image-preview:large","max-video-preview":"max-video-preview:-1"},"canonical":"http:\/\/miplatafina.es\/blog\/ideas-dia-del-padre-2020\/","og_locale":"es_ES","og_type":"article","og_title":"Las mejores dedicatorias para el D\u00eda del Padre [Ideas D\u00eda del Padre 2020] - Mi plata fina","og_description":"Encuentra ideas dia del padre 2020. Joyas personalizadas con tu dedicatoria, regalos personalizados para padres","og_url":"http:\/\/miplatafina.es\/blog\/ideas-dia-del-padre-2020\/","og_site_name":"Mi plata fina","article_published_time":"2020-02-24T10:16:50+00:00","article_modified_time":"2020-02-24T11:34:57+00:00","og_image":[{"width":1649,"height":998,"url":"https:\/\/i0.wp.com\/miplatafina.es\/blog\/wp-content\/uploads\/2020\/02\/4_WANDERLUST-VIAJERO.jpg?fit=1649%2C998","type":"image\/jpeg"}],"author":"Natalia Dami\u00e0","twitter_card":"summary_large_image","twitter_misc":{"Escrito por":"Natalia Dami\u00e0","Tiempo de lectura":"2 minutos"},"schema":{"@context":"https:\/\/schema.org","@graph":[{"@type":"WebPage","@id":"http:\/\/miplatafina.es\/blog\/ideas-dia-del-padre-2020\/","url":"http:\/\/miplatafina.es\/blog\/ideas-dia-del-padre-2020\/","name":"Las mejores dedicatorias para el D\u00eda del Padre [Ideas D\u00eda del Padre 2020] - Mi plata fina","isPartOf":{"@id":"http:\/\/miplatafina.es\/blog\/#website"},"primaryImageOfPage":{"@id":"http:\/\/miplatafina.es\/blog\/ideas-dia-del-padre-2020\/#primaryimage"},"image":{"@id":"http:\/\/miplatafina.es\/blog\/ideas-dia-del-padre-2020\/#primaryimage"},"thumbnailUrl":"https:\/\/i0.wp.com\/miplatafina.es\/blog\/wp-content\/uploads\/2020\/02\/4_WANDERLUST-VIAJERO.jpg?fit=1649%2C998","datePublished":"2020-02-24T10:16:50+00:00","dateModified":"2020-02-24T11:34:57+00:00","author":{"@id":"http:\/\/miplatafina.es\/blog\/#\/schema\/person\/249b3020cbf8f0e9ae33fa778ac26e66"},"description":"Encuentra ideas dia del padre 2020. Joyas personalizadas con tu dedicatoria, regalos personalizados para padres","breadcrumb":{"@id":"http:\/\/miplatafina.es\/blog\/ideas-dia-del-padre-2020\/#breadcrumb"},"inLanguage":"es","potentialAction":[{"@type":"ReadAction","target":["http:\/\/miplatafina.es\/blog\/ideas-dia-del-padre-2020\/"]}]},{"@type":"ImageObject","inLanguage":"es","@id":"http:\/\/miplatafina.es\/blog\/ideas-dia-del-padre-2020\/#primaryimage","url":"https:\/\/i0.wp.com\/miplatafina.es\/blog\/wp-content\/uploads\/2020\/02\/4_WANDERLUST-VIAJERO.jpg?fit=1649%2C998","contentUrl":"https:\/\/i0.wp.com\/miplatafina.es\/blog\/wp-content\/uploads\/2020\/02\/4_WANDERLUST-VIAJERO.jpg?fit=1649%2C998","width":1649,"height":998,"caption":"ideas dia padre 2020 | regalos para padres"},{"@type":"BreadcrumbList","@id":"http:\/\/miplatafina.es\/blog\/ideas-dia-del-padre-2020\/#breadcrumb","itemListElement":[{"@type":"ListItem","position":1,"name":"Portada","item":"http:\/\/miplatafina.es\/blog\/"},{"@type":"ListItem","position":2,"name":"INICIO","item":"http:\/\/miplatafina.es\/blog\/category\/inicio\/"},{"@type":"ListItem","position":3,"name":"JOYAS PARA CADA OCASI\u00d3N","item":"http:\/\/miplatafina.es\/blog\/category\/inicio\/joyas-personalizadas-para-cada-ocasion\/"},{"@type":"ListItem","position":4,"name":"Las mejores dedicatorias para el D\u00eda del Padre [Ideas D\u00eda del Padre 2020]"}]},{"@type":"WebSite","@id":"http:\/\/miplatafina.es\/blog\/#website","url":"http:\/\/miplatafina.es\/blog\/","name":"Mi plata fina","description":"Joyas que hablan de ti","potentialAction":[{"@type":"SearchAction","target":{"@type":"EntryPoint","urlTemplate":"http:\/\/miplatafina.es\/blog\/?s={search_term_string}"},"query-input":{"@type":"PropertyValueSpecification","valueRequired":true,"valueName":"search_term_string"}}],"inLanguage":"es"},{"@type":"Person","@id":"http:\/\/miplatafina.es\/blog\/#\/schema\/person\/249b3020cbf8f0e9ae33fa778ac26e66","name":"Natalia Dami\u00e0","image":{"@type":"ImageObject","inLanguage":"es","@id":"http:\/\/miplatafina.es\/blog\/#\/schema\/person\/image\/","url":"http:\/\/1.gravatar.com\/avatar\/d81caf505b5f9f188b776e7388706129?s=96&d=mm&r=g","contentUrl":"http:\/\/1.gravatar.com\/avatar\/d81caf505b5f9f188b776e7388706129?s=96&d=mm&r=g","caption":"Natalia Dami\u00e0"},"url":"http:\/\/miplatafina.es\/blog\/author\/natalia\/"}]}},"jetpack_featured_media_url":"https:\/\/i0.wp.com\/miplatafina.es\/blog\/wp-content\/uploads\/2020\/02\/4_WANDERLUST-VIAJERO.jpg?fit=1649%2C998","jetpack_sharing_enabled":true,"jetpack_shortlink":"https:\/\/wp.me\/p9j6Jz-om","jetpack_likes_enabled":false,"jetpack-related-posts":[],"_links":{"self":[{"href":"http:\/\/miplatafina.es\/blog\/wp-json\/wp\/v2\/posts\/1510"}],"collection":[{"href":"http:\/\/miplatafina.es\/blog\/wp-json\/wp\/v2\/posts"}],"about":[{"href":"http:\/\/miplatafina.es\/blog\/wp-json\/wp\/v2\/types\/post"}],"author":[{"embeddable":true,"href":"http:\/\/miplatafina.es\/blog\/wp-json\/wp\/v2\/users\/7"}],"replies":[{"embeddable":true,"href":"http:\/\/miplatafina.es\/blog\/wp-json\/wp\/v2\/comments?post=1510"}],"version-history":[{"count":7,"href":"http:\/\/miplatafina.es\/blog\/wp-json\/wp\/v2\/posts\/1510\/revisions"}],"predecessor-version":[{"id":1526,"href":"http:\/\/miplatafina.es\/blog\/wp-json\/wp\/v2\/posts\/1510\/revisions\/1526"}],"wp:featuredmedia":[{"embeddable":true,"href":"http:\/\/miplatafina.es\/blog\/wp-json\/wp\/v2\/media\/1525"}],"wp:attachment":[{"href":"http:\/\/miplatafina.es\/blog\/wp-json\/wp\/v2\/media?parent=1510"}],"wp:term":[{"taxonomy":"category","embeddable":true,"href":"http:\/\/miplatafina.es\/blog\/wp-json\/wp\/v2\/categories?post=1510"},{"taxonomy":"post_tag","embeddable":true,"href":"http:\/\/miplatafina.es\/blog\/wp-json\/wp\/v2\/tags?post=1510"}],"curies":[{"name":"wp","href":"https:\/\/api.w.org\/{rel}","templated":true}]}}