{"id":580,"date":"2018-01-15T12:29:54","date_gmt":"2018-01-15T12:29:54","guid":{"rendered":"http:\/\/miplatafina.es\/blog\/?p=580"},"modified":"2019-07-03T15:07:45","modified_gmt":"2019-07-03T15:07:45","slug":"ideas-para-regalar-en-san-valentin","status":"publish","type":"post","link":"http:\/\/miplatafina.es\/blog\/ideas-para-regalar-en-san-valentin\/","title":{"rendered":"IDEAS PARA REGALAR EN SAN VALENT\u00cdN"},"content":{"rendered":"<p>Este San Valent\u00edn sorprende a tu pareja de la forma m\u00e1s original posible. Personaliza una joya de plata que simbolice toda vuestra historia de amor. Haz que esa persona tan especial se sienta \u00fanica con un anillo, pulsera o colgante totalmente personal.<\/p>\n<p>En nuestra web podr\u00e1s encontrar dise\u00f1os que seguro le encantar\u00e1n, t\u00fa s\u00f3lo tienes que pensar cu\u00e1l es la frase que m\u00e1s os define y nosotros haremos el resto!<\/p>\n<p>\u00bfA qu\u00e9 esperas? Entra en <a href=\"http:\/\/www.miplatafina.es\">www.miplatafina.es<\/a> y vuelve a enamorarla con la joya m\u00e1s especial.<\/p>\n<p>&nbsp;<\/p>\n<p><a href=\"https:\/\/i0.wp.com\/miplatafina.es\/blog\/wp-content\/uploads\/2018\/01\/PLUMA-1.png\"><img data-recalc-dims=\"1\" loading=\"lazy\" decoding=\"async\" data-attachment-id=\"556\" data-permalink=\"http:\/\/miplatafina.es\/blog\/colores-de-moda-en-2018\/pluma-1\/\" data-orig-file=\"https:\/\/i0.wp.com\/miplatafina.es\/blog\/wp-content\/uploads\/2018\/01\/PLUMA-1.png?fit=1182%2C1182\" data-orig-size=\"1182,1182\" data-comments-opened=\"1\" data-image-meta=\"{&quot;aperture&quot;:&quot;0&quot;,&quot;credit&quot;:&quot;&quot;,&quot;camera&quot;:&quot;&quot;,&quot;caption&quot;:&quot;&quot;,&quot;created_timestamp&quot;:&quot;0&quot;,&quot;copyright&quot;:&quot;&quot;,&quot;focal_length&quot;:&quot;0&quot;,&quot;iso&quot;:&quot;0&quot;,&quot;shutter_speed&quot;:&quot;0&quot;,&quot;title&quot;:&quot;&quot;,&quot;orientation&quot;:&quot;0&quot;}\" data-image-title=\"PLUMA 1\" data-image-description=\"\" data-image-caption=\"\" data-medium-file=\"https:\/\/i0.wp.com\/miplatafina.es\/blog\/wp-content\/uploads\/2018\/01\/PLUMA-1.png?fit=300%2C300\" data-large-file=\"https:\/\/i0.wp.com\/miplatafina.es\/blog\/wp-content\/uploads\/2018\/01\/PLUMA-1.png?fit=1024%2C1024\" class=\"alignnone wp-image-556 size-medium\" src=\"https:\/\/i0.wp.com\/miplatafina.es\/blog\/wp-content\/uploads\/2018\/01\/PLUMA-1.png?resize=300%2C300\" alt=\"\" width=\"300\" height=\"300\" srcset=\"https:\/\/i0.wp.com\/miplatafina.es\/blog\/wp-content\/uploads\/2018\/01\/PLUMA-1.png?resize=300%2C300 300w, https:\/\/i0.wp.com\/miplatafina.es\/blog\/wp-content\/uploads\/2018\/01\/PLUMA-1.png?resize=150%2C150 150w, https:\/\/i0.wp.com\/miplatafina.es\/blog\/wp-content\/uploads\/2018\/01\/PLUMA-1.png?resize=768%2C768 768w, https:\/\/i0.wp.com\/miplatafina.es\/blog\/wp-content\/uploads\/2018\/01\/PLUMA-1.png?resize=1024%2C1024 1024w, https:\/\/i0.wp.com\/miplatafina.es\/blog\/wp-content\/uploads\/2018\/01\/PLUMA-1.png?w=1182 1182w\" sizes=\"(max-width: 300px) 100vw, 300px\" \/><\/a><a href=\"https:\/\/i0.wp.com\/miplatafina.es\/blog\/wp-content\/uploads\/2018\/01\/PULSERA-QUATTRO-negro.png\"><img data-recalc-dims=\"1\" loading=\"lazy\" decoding=\"async\" data-attachment-id=\"563\" data-permalink=\"http:\/\/miplatafina.es\/blog\/colores-de-moda-en-2018\/pulsera-quattro-negro\/\" data-orig-file=\"https:\/\/i0.wp.com\/miplatafina.es\/blog\/wp-content\/uploads\/2018\/01\/PULSERA-QUATTRO-negro.png?fit=1182%2C1182\" data-orig-size=\"1182,1182\" data-comments-opened=\"1\" data-image-meta=\"{&quot;aperture&quot;:&quot;0&quot;,&quot;credit&quot;:&quot;&quot;,&quot;camera&quot;:&quot;&quot;,&quot;caption&quot;:&quot;&quot;,&quot;created_timestamp&quot;:&quot;0&quot;,&quot;copyright&quot;:&quot;&quot;,&quot;focal_length&quot;:&quot;0&quot;,&quot;iso&quot;:&quot;0&quot;,&quot;shutter_speed&quot;:&quot;0&quot;,&quot;title&quot;:&quot;&quot;,&quot;orientation&quot;:&quot;0&quot;}\" data-image-title=\"PULSERA QUATTRO negro\" data-image-description=\"\" data-image-caption=\"\" data-medium-file=\"https:\/\/i0.wp.com\/miplatafina.es\/blog\/wp-content\/uploads\/2018\/01\/PULSERA-QUATTRO-negro.png?fit=300%2C300\" data-large-file=\"https:\/\/i0.wp.com\/miplatafina.es\/blog\/wp-content\/uploads\/2018\/01\/PULSERA-QUATTRO-negro.png?fit=1024%2C1024\" class=\"alignnone wp-image-563 size-medium\" src=\"https:\/\/i0.wp.com\/miplatafina.es\/blog\/wp-content\/uploads\/2018\/01\/PULSERA-QUATTRO-negro.png?resize=300%2C300\" alt=\"\" width=\"300\" height=\"300\" srcset=\"https:\/\/i0.wp.com\/miplatafina.es\/blog\/wp-content\/uploads\/2018\/01\/PULSERA-QUATTRO-negro.png?resize=300%2C300 300w, https:\/\/i0.wp.com\/miplatafina.es\/blog\/wp-content\/uploads\/2018\/01\/PULSERA-QUATTRO-negro.png?resize=150%2C150 150w, https:\/\/i0.wp.com\/miplatafina.es\/blog\/wp-content\/uploads\/2018\/01\/PULSERA-QUATTRO-negro.png?resize=768%2C768 768w, https:\/\/i0.wp.com\/miplatafina.es\/blog\/wp-content\/uploads\/2018\/01\/PULSERA-QUATTRO-negro.png?resize=1024%2C1024 1024w, https:\/\/i0.wp.com\/miplatafina.es\/blog\/wp-content\/uploads\/2018\/01\/PULSERA-QUATTRO-negro.png?w=1182 1182w\" sizes=\"(max-width: 300px) 100vw, 300px\" \/><\/a><a href=\"https:\/\/i0.wp.com\/miplatafina.es\/blog\/wp-content\/uploads\/2018\/01\/ARO-MEDIUM.png\"><img data-recalc-dims=\"1\" loading=\"lazy\" decoding=\"async\" data-attachment-id=\"473\" data-permalink=\"http:\/\/miplatafina.es\/blog\/colores-de-moda-en-2018\/aro-medium\/\" data-orig-file=\"https:\/\/i0.wp.com\/miplatafina.es\/blog\/wp-content\/uploads\/2018\/01\/ARO-MEDIUM.png?fit=1200%2C1200\" data-orig-size=\"1200,1200\" data-comments-opened=\"1\" data-image-meta=\"{&quot;aperture&quot;:&quot;0&quot;,&quot;credit&quot;:&quot;&quot;,&quot;camera&quot;:&quot;&quot;,&quot;caption&quot;:&quot;&quot;,&quot;created_timestamp&quot;:&quot;0&quot;,&quot;copyright&quot;:&quot;&quot;,&quot;focal_length&quot;:&quot;0&quot;,&quot;iso&quot;:&quot;0&quot;,&quot;shutter_speed&quot;:&quot;0&quot;,&quot;title&quot;:&quot;&quot;,&quot;orientation&quot;:&quot;0&quot;}\" data-image-title=\"ARO-MEDIUM-miplatafina\" data-image-description=\"\" data-image-caption=\"\" data-medium-file=\"https:\/\/i0.wp.com\/miplatafina.es\/blog\/wp-content\/uploads\/2018\/01\/ARO-MEDIUM.png?fit=300%2C300\" data-large-file=\"https:\/\/i0.wp.com\/miplatafina.es\/blog\/wp-content\/uploads\/2018\/01\/ARO-MEDIUM.png?fit=1024%2C1024\" class=\"alignnone wp-image-473 size-medium\" src=\"https:\/\/i0.wp.com\/miplatafina.es\/blog\/wp-content\/uploads\/2018\/01\/ARO-MEDIUM.png?resize=300%2C300\" alt=\"\" width=\"300\" height=\"300\" srcset=\"https:\/\/i0.wp.com\/miplatafina.es\/blog\/wp-content\/uploads\/2018\/01\/ARO-MEDIUM.png?resize=300%2C300 300w, https:\/\/i0.wp.com\/miplatafina.es\/blog\/wp-content\/uploads\/2018\/01\/ARO-MEDIUM.png?resize=150%2C150 150w, https:\/\/i0.wp.com\/miplatafina.es\/blog\/wp-content\/uploads\/2018\/01\/ARO-MEDIUM.png?resize=768%2C768 768w, https:\/\/i0.wp.com\/miplatafina.es\/blog\/wp-content\/uploads\/2018\/01\/ARO-MEDIUM.png?resize=1024%2C1024 1024w, https:\/\/i0.wp.com\/miplatafina.es\/blog\/wp-content\/uploads\/2018\/01\/ARO-MEDIUM.png?w=1200 1200w\" sizes=\"(max-width: 300px) 100vw, 300px\" \/><\/a><\/p>\n","protected":false},"excerpt":{"rendered":"<p>Este San Valent\u00edn sorprende a tu pareja de la forma m\u00e1s original posible. Personaliza una joya de plata que simbolice toda vuestra historia de amor. Haz que esa persona tan especial se sienta \u00fanica con un anillo, pulsera o colgante totalmente personal. En nuestra web&nbsp;<a class=\"read-more\" href=\"http:\/\/miplatafina.es\/blog\/ideas-para-regalar-en-san-valentin\/\">&hellip;<\/a><\/p>\n","protected":false},"author":1,"featured_media":581,"comment_status":"open","ping_status":"open","sticky":false,"template":"","format":"standard","meta":{"jetpack_post_was_ever_published":false,"_jetpack_newsletter_access":"","_jetpack_dont_email_post_to_subs":false,"_jetpack_newsletter_tier_id":0,"_jetpack_memberships_contains_paywalled_content":false,"_jetpack_memberships_contains_paid_content":false,"footnotes":"","jetpack_publicize_message":"","jetpack_publicize_feature_enabled":true,"jetpack_social_post_already_shared":true,"jetpack_social_options":{"image_generator_settings":{"template":"highway","enabled":false},"version":2}},"categories":[1],"tags":[136,93,110,9,135],"class_list":["post-580","post","type-post","status-publish","format-standard","has-post-thumbnail","hentry","category-joyas-personalizadas-para-cada-ocasion","tag-ideas-regalar","tag-joyas-personalizadas","tag-mi-plata-fina","tag-regalo","tag-san-valentin"],"jetpack_publicize_connections":[],"yoast_head":"<!-- This site is optimized with the Yoast SEO plugin v25.6 - https:\/\/yoast.com\/wordpress\/plugins\/seo\/ -->\n<title>IDEAS PARA REGALAR EN SAN VALENT\u00cdN - Mi plata fina<\/title>\n<meta name=\"robots\" content=\"index, follow, max-snippet:-1, max-image-preview:large, max-video-preview:-1\" \/>\n<link rel=\"canonical\" href=\"http:\/\/miplatafina.es\/blog\/ideas-para-regalar-en-san-valentin\/\" \/>\n<meta property=\"og:locale\" content=\"es_ES\" \/>\n<meta property=\"og:type\" content=\"article\" \/>\n<meta property=\"og:title\" content=\"IDEAS PARA REGALAR EN SAN VALENT\u00cdN - Mi plata fina\" \/>\n<meta property=\"og:description\" content=\"Este San Valent\u00edn sorprende a tu pareja de la forma m\u00e1s original posible. Personaliza una joya de plata que simbolice toda vuestra historia de amor. Haz que esa persona tan especial se sienta \u00fanica con un anillo, pulsera o colgante totalmente personal. En nuestra web&nbsp;&hellip;\" \/>\n<meta property=\"og:url\" content=\"http:\/\/miplatafina.es\/blog\/ideas-para-regalar-en-san-valentin\/\" \/>\n<meta property=\"og:site_name\" content=\"Mi plata fina\" \/>\n<meta property=\"article:published_time\" content=\"2018-01-15T12:29:54+00:00\" \/>\n<meta property=\"article:modified_time\" content=\"2019-07-03T15:07:45+00:00\" \/>\n<meta property=\"og:image\" content=\"https:\/\/i0.wp.com\/miplatafina.es\/blog\/wp-content\/uploads\/2018\/01\/san-valentin-798x350.jpg?fit=798%2C350\" \/>\n\t<meta property=\"og:image:width\" content=\"798\" \/>\n\t<meta property=\"og:image:height\" content=\"350\" \/>\n\t<meta property=\"og:image:type\" content=\"image\/jpeg\" \/>\n<meta name=\"author\" content=\"admin\" \/>\n<meta name=\"twitter:card\" content=\"summary_large_image\" \/>\n<meta name=\"twitter:label1\" content=\"Escrito por\" \/>\n\t<meta name=\"twitter:data1\" content=\"admin\" \/>\n<script type=\"application\/ld+json\" class=\"yoast-schema-graph\">{\"@context\":\"https:\/\/schema.org\",\"@graph\":[{\"@type\":\"WebPage\",\"@id\":\"http:\/\/miplatafina.es\/blog\/ideas-para-regalar-en-san-valentin\/\",\"url\":\"http:\/\/miplatafina.es\/blog\/ideas-para-regalar-en-san-valentin\/\",\"name\":\"IDEAS PARA REGALAR EN SAN VALENT\u00cdN - Mi plata fina\",\"isPartOf\":{\"@id\":\"http:\/\/miplatafina.es\/blog\/#website\"},\"primaryImageOfPage\":{\"@id\":\"http:\/\/miplatafina.es\/blog\/ideas-para-regalar-en-san-valentin\/#primaryimage\"},\"image\":{\"@id\":\"http:\/\/miplatafina.es\/blog\/ideas-para-regalar-en-san-valentin\/#primaryimage\"},\"thumbnailUrl\":\"https:\/\/i0.wp.com\/miplatafina.es\/blog\/wp-content\/uploads\/2018\/01\/san-valentin-798x350.jpg?fit=798%2C350\",\"datePublished\":\"2018-01-15T12:29:54+00:00\",\"dateModified\":\"2019-07-03T15:07:45+00:00\",\"author\":{\"@id\":\"http:\/\/miplatafina.es\/blog\/#\/schema\/person\/cb5cc8d28f4ff371fda7bf98ab6ed0f0\"},\"breadcrumb\":{\"@id\":\"http:\/\/miplatafina.es\/blog\/ideas-para-regalar-en-san-valentin\/#breadcrumb\"},\"inLanguage\":\"es\",\"potentialAction\":[{\"@type\":\"ReadAction\",\"target\":[\"http:\/\/miplatafina.es\/blog\/ideas-para-regalar-en-san-valentin\/\"]}]},{\"@type\":\"ImageObject\",\"inLanguage\":\"es\",\"@id\":\"http:\/\/miplatafina.es\/blog\/ideas-para-regalar-en-san-valentin\/#primaryimage\",\"url\":\"https:\/\/i0.wp.com\/miplatafina.es\/blog\/wp-content\/uploads\/2018\/01\/san-valentin-798x350.jpg?fit=798%2C350\",\"contentUrl\":\"https:\/\/i0.wp.com\/miplatafina.es\/blog\/wp-content\/uploads\/2018\/01\/san-valentin-798x350.jpg?fit=798%2C350\",\"width\":798,\"height\":350},{\"@type\":\"BreadcrumbList\",\"@id\":\"http:\/\/miplatafina.es\/blog\/ideas-para-regalar-en-san-valentin\/#breadcrumb\",\"itemListElement\":[{\"@type\":\"ListItem\",\"position\":1,\"name\":\"Portada\",\"item\":\"http:\/\/miplatafina.es\/blog\/\"},{\"@type\":\"ListItem\",\"position\":2,\"name\":\"INICIO\",\"item\":\"http:\/\/miplatafina.es\/blog\/category\/inicio\/\"},{\"@type\":\"ListItem\",\"position\":3,\"name\":\"JOYAS PARA CADA OCASI\u00d3N\",\"item\":\"http:\/\/miplatafina.es\/blog\/category\/inicio\/joyas-personalizadas-para-cada-ocasion\/\"},{\"@type\":\"ListItem\",\"position\":4,\"name\":\"IDEAS PARA REGALAR EN SAN VALENT\u00cdN\"}]},{\"@type\":\"WebSite\",\"@id\":\"http:\/\/miplatafina.es\/blog\/#website\",\"url\":\"http:\/\/miplatafina.es\/blog\/\",\"name\":\"Mi plata fina\",\"description\":\"Joyas que hablan de ti\",\"potentialAction\":[{\"@type\":\"SearchAction\",\"target\":{\"@type\":\"EntryPoint\",\"urlTemplate\":\"http:\/\/miplatafina.es\/blog\/?s={search_term_string}\"},\"query-input\":{\"@type\":\"PropertyValueSpecification\",\"valueRequired\":true,\"valueName\":\"search_term_string\"}}],\"inLanguage\":\"es\"},{\"@type\":\"Person\",\"@id\":\"http:\/\/miplatafina.es\/blog\/#\/schema\/person\/cb5cc8d28f4ff371fda7bf98ab6ed0f0\",\"name\":\"admin\",\"image\":{\"@type\":\"ImageObject\",\"inLanguage\":\"es\",\"@id\":\"http:\/\/miplatafina.es\/blog\/#\/schema\/person\/image\/\",\"url\":\"http:\/\/1.gravatar.com\/avatar\/a240cb535b85bdc63241906cd2769adf?s=96&d=mm&r=g\",\"contentUrl\":\"http:\/\/1.gravatar.com\/avatar\/a240cb535b85bdc63241906cd2769adf?s=96&d=mm&r=g\",\"caption\":\"admin\"},\"url\":\"http:\/\/miplatafina.es\/blog\/author\/admin\/\"}]}<\/script>\n<!-- \/ Yoast SEO plugin. -->","yoast_head_json":{"title":"IDEAS PARA REGALAR EN SAN VALENT\u00cdN - Mi plata fina","robots":{"index":"index","follow":"follow","max-snippet":"max-snippet:-1","max-image-preview":"max-image-preview:large","max-video-preview":"max-video-preview:-1"},"canonical":"http:\/\/miplatafina.es\/blog\/ideas-para-regalar-en-san-valentin\/","og_locale":"es_ES","og_type":"article","og_title":"IDEAS PARA REGALAR EN SAN VALENT\u00cdN - Mi plata fina","og_description":"Este San Valent\u00edn sorprende a tu pareja de la forma m\u00e1s original posible. Personaliza una joya de plata que simbolice toda vuestra historia de amor. Haz que esa persona tan especial se sienta \u00fanica con un anillo, pulsera o colgante totalmente personal. En nuestra web&nbsp;&hellip;","og_url":"http:\/\/miplatafina.es\/blog\/ideas-para-regalar-en-san-valentin\/","og_site_name":"Mi plata fina","article_published_time":"2018-01-15T12:29:54+00:00","article_modified_time":"2019-07-03T15:07:45+00:00","og_image":[{"width":798,"height":350,"url":"https:\/\/i0.wp.com\/miplatafina.es\/blog\/wp-content\/uploads\/2018\/01\/san-valentin-798x350.jpg?fit=798%2C350","type":"image\/jpeg"}],"author":"admin","twitter_card":"summary_large_image","twitter_misc":{"Escrito por":"admin"},"schema":{"@context":"https:\/\/schema.org","@graph":[{"@type":"WebPage","@id":"http:\/\/miplatafina.es\/blog\/ideas-para-regalar-en-san-valentin\/","url":"http:\/\/miplatafina.es\/blog\/ideas-para-regalar-en-san-valentin\/","name":"IDEAS PARA REGALAR EN SAN VALENT\u00cdN - Mi plata fina","isPartOf":{"@id":"http:\/\/miplatafina.es\/blog\/#website"},"primaryImageOfPage":{"@id":"http:\/\/miplatafina.es\/blog\/ideas-para-regalar-en-san-valentin\/#primaryimage"},"image":{"@id":"http:\/\/miplatafina.es\/blog\/ideas-para-regalar-en-san-valentin\/#primaryimage"},"thumbnailUrl":"https:\/\/i0.wp.com\/miplatafina.es\/blog\/wp-content\/uploads\/2018\/01\/san-valentin-798x350.jpg?fit=798%2C350","datePublished":"2018-01-15T12:29:54+00:00","dateModified":"2019-07-03T15:07:45+00:00","author":{"@id":"http:\/\/miplatafina.es\/blog\/#\/schema\/person\/cb5cc8d28f4ff371fda7bf98ab6ed0f0"},"breadcrumb":{"@id":"http:\/\/miplatafina.es\/blog\/ideas-para-regalar-en-san-valentin\/#breadcrumb"},"inLanguage":"es","potentialAction":[{"@type":"ReadAction","target":["http:\/\/miplatafina.es\/blog\/ideas-para-regalar-en-san-valentin\/"]}]},{"@type":"ImageObject","inLanguage":"es","@id":"http:\/\/miplatafina.es\/blog\/ideas-para-regalar-en-san-valentin\/#primaryimage","url":"https:\/\/i0.wp.com\/miplatafina.es\/blog\/wp-content\/uploads\/2018\/01\/san-valentin-798x350.jpg?fit=798%2C350","contentUrl":"https:\/\/i0.wp.com\/miplatafina.es\/blog\/wp-content\/uploads\/2018\/01\/san-valentin-798x350.jpg?fit=798%2C350","width":798,"height":350},{"@type":"BreadcrumbList","@id":"http:\/\/miplatafina.es\/blog\/ideas-para-regalar-en-san-valentin\/#breadcrumb","itemListElement":[{"@type":"ListItem","position":1,"name":"Portada","item":"http:\/\/miplatafina.es\/blog\/"},{"@type":"ListItem","position":2,"name":"INICIO","item":"http:\/\/miplatafina.es\/blog\/category\/inicio\/"},{"@type":"ListItem","position":3,"name":"JOYAS PARA CADA OCASI\u00d3N","item":"http:\/\/miplatafina.es\/blog\/category\/inicio\/joyas-personalizadas-para-cada-ocasion\/"},{"@type":"ListItem","position":4,"name":"IDEAS PARA REGALAR EN SAN VALENT\u00cdN"}]},{"@type":"WebSite","@id":"http:\/\/miplatafina.es\/blog\/#website","url":"http:\/\/miplatafina.es\/blog\/","name":"Mi plata fina","description":"Joyas que hablan de ti","potentialAction":[{"@type":"SearchAction","target":{"@type":"EntryPoint","urlTemplate":"http:\/\/miplatafina.es\/blog\/?s={search_term_string}"},"query-input":{"@type":"PropertyValueSpecification","valueRequired":true,"valueName":"search_term_string"}}],"inLanguage":"es"},{"@type":"Person","@id":"http:\/\/miplatafina.es\/blog\/#\/schema\/person\/cb5cc8d28f4ff371fda7bf98ab6ed0f0","name":"admin","image":{"@type":"ImageObject","inLanguage":"es","@id":"http:\/\/miplatafina.es\/blog\/#\/schema\/person\/image\/","url":"http:\/\/1.gravatar.com\/avatar\/a240cb535b85bdc63241906cd2769adf?s=96&d=mm&r=g","contentUrl":"http:\/\/1.gravatar.com\/avatar\/a240cb535b85bdc63241906cd2769adf?s=96&d=mm&r=g","caption":"admin"},"url":"http:\/\/miplatafina.es\/blog\/author\/admin\/"}]}},"jetpack_featured_media_url":"https:\/\/i0.wp.com\/miplatafina.es\/blog\/wp-content\/uploads\/2018\/01\/san-valentin-798x350.jpg?fit=798%2C350","jetpack_sharing_enabled":true,"jetpack_shortlink":"https:\/\/wp.me\/p9j6Jz-9m","jetpack_likes_enabled":true,"jetpack-related-posts":[],"_links":{"self":[{"href":"http:\/\/miplatafina.es\/blog\/wp-json\/wp\/v2\/posts\/580"}],"collection":[{"href":"http:\/\/miplatafina.es\/blog\/wp-json\/wp\/v2\/posts"}],"about":[{"href":"http:\/\/miplatafina.es\/blog\/wp-json\/wp\/v2\/types\/post"}],"author":[{"embeddable":true,"href":"http:\/\/miplatafina.es\/blog\/wp-json\/wp\/v2\/users\/1"}],"replies":[{"embeddable":true,"href":"http:\/\/miplatafina.es\/blog\/wp-json\/wp\/v2\/comments?post=580"}],"version-history":[{"count":2,"href":"http:\/\/miplatafina.es\/blog\/wp-json\/wp\/v2\/posts\/580\/revisions"}],"predecessor-version":[{"id":583,"href":"http:\/\/miplatafina.es\/blog\/wp-json\/wp\/v2\/posts\/580\/revisions\/583"}],"wp:featuredmedia":[{"embeddable":true,"href":"http:\/\/miplatafina.es\/blog\/wp-json\/wp\/v2\/media\/581"}],"wp:attachment":[{"href":"http:\/\/miplatafina.es\/blog\/wp-json\/wp\/v2\/media?parent=580"}],"wp:term":[{"taxonomy":"category","embeddable":true,"href":"http:\/\/miplatafina.es\/blog\/wp-json\/wp\/v2\/categories?post=580"},{"taxonomy":"post_tag","embeddable":true,"href":"http:\/\/miplatafina.es\/blog\/wp-json\/wp\/v2\/tags?post=580"}],"curies":[{"name":"wp","href":"https:\/\/api.w.org\/{rel}","templated":true}]}}