{"id":911,"date":"2018-11-16T11:28:33","date_gmt":"2018-11-16T11:28:33","guid":{"rendered":"https:\/\/miplatafina.es\/blog\/?p=911"},"modified":"2019-11-20T18:20:01","modified_gmt":"2019-11-20T18:20:01","slug":"black-friday-joyas-personalizadas","status":"publish","type":"post","link":"http:\/\/miplatafina.es\/blog\/black-friday-joyas-personalizadas\/","title":{"rendered":"Black Friday en Joyas Personalizadas"},"content":{"rendered":"<p><img data-recalc-dims=\"1\" loading=\"lazy\" decoding=\"async\" data-attachment-id=\"937\" data-permalink=\"http:\/\/miplatafina.es\/blog\/black-friday-joyas-personalizadas\/black-friday-blog\/\" data-orig-file=\"https:\/\/i0.wp.com\/miplatafina.es\/blog\/wp-content\/uploads\/2018\/11\/black-friday-blog.png?fit=768%2C768\" data-orig-size=\"768,768\" data-comments-opened=\"1\" data-image-meta=\"{&quot;aperture&quot;:&quot;0&quot;,&quot;credit&quot;:&quot;&quot;,&quot;camera&quot;:&quot;&quot;,&quot;caption&quot;:&quot;&quot;,&quot;created_timestamp&quot;:&quot;0&quot;,&quot;copyright&quot;:&quot;&quot;,&quot;focal_length&quot;:&quot;0&quot;,&quot;iso&quot;:&quot;0&quot;,&quot;shutter_speed&quot;:&quot;0&quot;,&quot;title&quot;:&quot;&quot;,&quot;orientation&quot;:&quot;0&quot;}\" data-image-title=\"black friday blog\" data-image-description=\"\" data-image-caption=\"\" data-medium-file=\"https:\/\/i0.wp.com\/miplatafina.es\/blog\/wp-content\/uploads\/2018\/11\/black-friday-blog.png?fit=300%2C300\" data-large-file=\"https:\/\/i0.wp.com\/miplatafina.es\/blog\/wp-content\/uploads\/2018\/11\/black-friday-blog.png?fit=768%2C768\" class=\"aligncenter wp-image-937\" src=\"https:\/\/i0.wp.com\/miplatafina.es\/blog\/wp-content\/uploads\/2018\/11\/black-friday-blog.png?resize=344%2C344&#038;ssl=1\" alt=\"Black Friday en Joyas Personalizadas\" width=\"344\" height=\"344\" srcset=\"https:\/\/i0.wp.com\/miplatafina.es\/blog\/wp-content\/uploads\/2018\/11\/black-friday-blog.png?w=768 768w, https:\/\/i0.wp.com\/miplatafina.es\/blog\/wp-content\/uploads\/2018\/11\/black-friday-blog.png?resize=150%2C150 150w, https:\/\/i0.wp.com\/miplatafina.es\/blog\/wp-content\/uploads\/2018\/11\/black-friday-blog.png?resize=300%2C300 300w\" sizes=\"(max-width: 344px) 100vw, 344px\" \/><\/p>\n<p>\u00a0<\/p>\n<p>En Mi Plata Fina celebramos este <strong>Black Friday en Joyas Personalizadas<\/strong>\u00a0por todo lo alto prepar\u00e1ndote <span style=\"font-weight: 400;\">un <strong>d<\/strong><\/span><strong>escuento especial <\/strong><span style=\"font-weight: 400;\">en pendientes, anillos, colgantes, complementos y pulseras personalizadas en plata 925 o plata de ley ba\u00f1ada en oro de 18K, junto con l<\/span>as <strong><a href=\"https:\/\/www.miplatafina.es\/es\/66--colecciones\">Colecciones Limitadas de Joyas Personalidas MPF<\/a><\/strong> que tambi\u00e9n incluyen descuento durante la Semana de Black Friday y por tiempo limitado.<\/p>\n<p>Y este <strong>Black Friday 2019 , tienes un 25% de Descuento <\/strong>en <strong>todas las Joyas Personalizadas<\/strong>; desde el 25 de noviembre, hasta el 2 de diciembre.<\/p>\n<p>Adem\u00e1s, te lo ponemos s\u00faper f\u00e1cil&#8230; Hemos seleccionado algunas de nuestras mejores piezas, por importes \u00a1Para que escojas seg\u00fan tu presupuesto!<\/p>\n<p><strong>[Black Friday 2019] Joyas personalizadas por menos de 80\u20ac &gt;&gt; <a href=\"http:\/\/miplatafina.es\/blog\/joyas-personalizadas-por-menos-de-80\/\">Clic aqu\u00ed<\/a><\/strong><\/p>\n<p><strong>[Black Friday 2019] Joyas personalizadas por menos de 50\u20ac &gt;&gt; <a href=\"http:\/\/miplatafina.es\/blog\/joyas-personalizadas-por-menos-de-50\">Clic aqu\u00ed<\/a><\/strong><\/p>\n<p><strong>[Black Friday 2019] Joyas personalizadas por menos de 30\u20ac &gt;&gt; <a href=\"http:\/\/miplatafina.es\/blog\/joyas-personalizadas-por-menos-de-30e\">Clic aqu\u00ed<\/a><\/strong><\/p>\n<p>\u00a0<\/p>\n<p><em>*Recuerda 25% de Descuento en todas las Joyas personalizadas \u00a1Aprovecha para hacer tus compras de navidad, ahorrando!<\/em><\/p>\n<h3>_______________________________________________________<\/h3>\n<p><strong>[Black Friday 2018]<\/strong><\/p>\n<h3 style=\"text-align: center;\"><strong>\u00bfQuieres ver un resumen de los Top Ventas del Black Friday en Joyas Personalizadas?<\/strong><\/h3>\n<p>\u00a0<\/p>\n<h2><span style=\"font-weight: 400;\">Colgante Aro XL &#8211; Black Friday:<\/span><\/h2>\n<p>Una joya emotiva, atemporal y unisex compuesta de un Aro XL de 30mm en Plata de Ley y<strong>\u00a0<\/strong>cord\u00f3n de cuero con nudo corredizo ajustable.<\/p>\n<p>Y adem\u00e1s, incluye grabado personalizado para hacer de este colgante, una joya \u00fanica.<\/p>\n<p style=\"text-align: center;\"><a href=\"http:\/\/Colgante ARO XL de 30mm en Plata de Ley y cord\u00f3n de cuero gris plateado de 2mm con nudo corredizo ajustable y grabado pesonalizado\" data-wplink-url-error=\"true\"><img data-recalc-dims=\"1\" loading=\"lazy\" decoding=\"async\" data-attachment-id=\"885\" data-permalink=\"http:\/\/miplatafina.es\/blog\/top-10-colgantes-de-plata-mas-vendidos\/top-10-colgantes-de-plata-mas-vendidos-colgante-aro-xl\/\" data-orig-file=\"https:\/\/i0.wp.com\/miplatafina.es\/blog\/wp-content\/uploads\/2018\/11\/Top-10-colgantes-de-plata-m%C3%A1s-vendidos-Colgante-ARO-XL.jpg?fit=1200%2C1200\" data-orig-size=\"1200,1200\" data-comments-opened=\"1\" data-image-meta=\"{&quot;aperture&quot;:&quot;0&quot;,&quot;credit&quot;:&quot;&quot;,&quot;camera&quot;:&quot;&quot;,&quot;caption&quot;:&quot;&quot;,&quot;created_timestamp&quot;:&quot;0&quot;,&quot;copyright&quot;:&quot;&quot;,&quot;focal_length&quot;:&quot;0&quot;,&quot;iso&quot;:&quot;0&quot;,&quot;shutter_speed&quot;:&quot;0&quot;,&quot;title&quot;:&quot;&quot;,&quot;orientation&quot;:&quot;0&quot;}\" data-image-title=\"Top 10 colgantes de plata m\u00e1s vendidos &#8211; Colgante ARO XL\" data-image-description=\"\" data-image-caption=\"\" data-medium-file=\"https:\/\/i0.wp.com\/miplatafina.es\/blog\/wp-content\/uploads\/2018\/11\/Top-10-colgantes-de-plata-m%C3%A1s-vendidos-Colgante-ARO-XL.jpg?fit=300%2C300\" data-large-file=\"https:\/\/i0.wp.com\/miplatafina.es\/blog\/wp-content\/uploads\/2018\/11\/Top-10-colgantes-de-plata-m%C3%A1s-vendidos-Colgante-ARO-XL.jpg?fit=1024%2C1024\" class=\"  aligncenter wp-image-885\" src=\"https:\/\/i0.wp.com\/miplatafina.es\/blog\/wp-content\/uploads\/2018\/11\/Top-10-colgantes-de-plata-m%C3%A1s-vendidos-Colgante-ARO-XL.jpg?resize=300%2C300&#038;ssl=1\" alt=\"Colgante Aro de Plata XL Personalizado para Black Friday\" width=\"300\" height=\"300\" srcset=\"https:\/\/i0.wp.com\/miplatafina.es\/blog\/wp-content\/uploads\/2018\/11\/Top-10-colgantes-de-plata-m%C3%A1s-vendidos-Colgante-ARO-XL.jpg?w=1200 1200w, https:\/\/i0.wp.com\/miplatafina.es\/blog\/wp-content\/uploads\/2018\/11\/Top-10-colgantes-de-plata-m%C3%A1s-vendidos-Colgante-ARO-XL.jpg?resize=150%2C150 150w, https:\/\/i0.wp.com\/miplatafina.es\/blog\/wp-content\/uploads\/2018\/11\/Top-10-colgantes-de-plata-m%C3%A1s-vendidos-Colgante-ARO-XL.jpg?resize=300%2C300 300w, https:\/\/i0.wp.com\/miplatafina.es\/blog\/wp-content\/uploads\/2018\/11\/Top-10-colgantes-de-plata-m%C3%A1s-vendidos-Colgante-ARO-XL.jpg?resize=768%2C768 768w, https:\/\/i0.wp.com\/miplatafina.es\/blog\/wp-content\/uploads\/2018\/11\/Top-10-colgantes-de-plata-m%C3%A1s-vendidos-Colgante-ARO-XL.jpg?resize=1024%2C1024 1024w\" sizes=\"(max-width: 300px) 100vw, 300px\" \/><strong>Colgante Aro XL Cuir<\/strong><\/a><\/p>\n<p>\u00a0<\/p>\n<h2><span style=\"font-weight: 400;\">Pulsera Rania Oval en Plata &#8211; Black Friday:<\/span><\/h2>\n<p><span style=\"font-weight: 400;\">Una joya atrevida, femenina y natural que combina con cualquier estilo.<\/span><\/p>\n<p>La compone una pieza oval de plata de ley combinada con una cinta ajustable a escoger entre varios colores y, por supuesto, personalizada con tu frase m\u00e1s especial.<\/p>\n<p style=\"text-align: center;\"><a href=\"https:\/\/www.miplatafina.es\/es\/pulseras\/9-pulsera-rania-oval.html\"><img data-recalc-dims=\"1\" loading=\"lazy\" decoding=\"async\" data-attachment-id=\"878\" data-permalink=\"http:\/\/miplatafina.es\/blog\/top-10-pulseras-de-plata-mas-venidas\/top-10-pulseras-de-plata-mas-venidas-pulsera-rania-oval\/\" data-orig-file=\"https:\/\/i0.wp.com\/miplatafina.es\/blog\/wp-content\/uploads\/2018\/11\/Top-10-pulseras-de-plata-m%C3%A1s-venidas-Pulsera-Rania-OVAL.jpg?fit=1181%2C1181\" data-orig-size=\"1181,1181\" data-comments-opened=\"1\" data-image-meta=\"{&quot;aperture&quot;:&quot;0&quot;,&quot;credit&quot;:&quot;&quot;,&quot;camera&quot;:&quot;&quot;,&quot;caption&quot;:&quot;&quot;,&quot;created_timestamp&quot;:&quot;0&quot;,&quot;copyright&quot;:&quot;&quot;,&quot;focal_length&quot;:&quot;0&quot;,&quot;iso&quot;:&quot;0&quot;,&quot;shutter_speed&quot;:&quot;0&quot;,&quot;title&quot;:&quot;&quot;,&quot;orientation&quot;:&quot;0&quot;}\" data-image-title=\"Top 10 pulseras de plata m\u00e1s venidas &#8211; Pulsera Rania OVAL\" data-image-description=\"\" data-image-caption=\"\" data-medium-file=\"https:\/\/i0.wp.com\/miplatafina.es\/blog\/wp-content\/uploads\/2018\/11\/Top-10-pulseras-de-plata-m%C3%A1s-venidas-Pulsera-Rania-OVAL.jpg?fit=300%2C300\" data-large-file=\"https:\/\/i0.wp.com\/miplatafina.es\/blog\/wp-content\/uploads\/2018\/11\/Top-10-pulseras-de-plata-m%C3%A1s-venidas-Pulsera-Rania-OVAL.jpg?fit=1024%2C1024\" class=\"  aligncenter wp-image-878\" src=\"https:\/\/i0.wp.com\/miplatafina.es\/blog\/wp-content\/uploads\/2018\/11\/Top-10-pulseras-de-plata-m%C3%A1s-venidas-Pulsera-Rania-OVAL.jpg?resize=300%2C300&#038;ssl=1\" alt=\"Pulsera Rania Oval Personalizada para Black Friday\" width=\"300\" height=\"300\" srcset=\"https:\/\/i0.wp.com\/miplatafina.es\/blog\/wp-content\/uploads\/2018\/11\/Top-10-pulseras-de-plata-m%C3%A1s-venidas-Pulsera-Rania-OVAL.jpg?w=1181 1181w, https:\/\/i0.wp.com\/miplatafina.es\/blog\/wp-content\/uploads\/2018\/11\/Top-10-pulseras-de-plata-m%C3%A1s-venidas-Pulsera-Rania-OVAL.jpg?resize=150%2C150 150w, https:\/\/i0.wp.com\/miplatafina.es\/blog\/wp-content\/uploads\/2018\/11\/Top-10-pulseras-de-plata-m%C3%A1s-venidas-Pulsera-Rania-OVAL.jpg?resize=300%2C300 300w, https:\/\/i0.wp.com\/miplatafina.es\/blog\/wp-content\/uploads\/2018\/11\/Top-10-pulseras-de-plata-m%C3%A1s-venidas-Pulsera-Rania-OVAL.jpg?resize=768%2C768 768w, https:\/\/i0.wp.com\/miplatafina.es\/blog\/wp-content\/uploads\/2018\/11\/Top-10-pulseras-de-plata-m%C3%A1s-venidas-Pulsera-Rania-OVAL.jpg?resize=1024%2C1024 1024w\" sizes=\"(max-width: 300px) 100vw, 300px\" \/><strong>Pulsera Rania Oval Plata<\/strong><\/a><\/p>\n<p>\u00a0<\/p>\n<h2><span style=\"font-weight: 400;\">Anillo Infinito en Plata de Ley o Ba\u00f1o de Oro de 18k.<\/span><\/h2>\n<p style=\"text-align: left;\">Una joya sublime, elegante y sofisticada en plata de ley o plata con ba\u00f1o de oro de 18k compuesto de 3 infinitos enlazados junto con el grabado del nombre de tu persona favorita.<\/p>\n<p style=\"text-align: center;\"><a href=\"https:\/\/www.miplatafina.es\/es\/anillos\/197-anillo-infinito.html\"><img data-recalc-dims=\"1\" loading=\"lazy\" decoding=\"async\" data-attachment-id=\"912\" data-permalink=\"http:\/\/miplatafina.es\/blog\/black-friday-joyas-personalizadas\/anillo-infinito\/\" data-orig-file=\"https:\/\/i0.wp.com\/miplatafina.es\/blog\/wp-content\/uploads\/2018\/11\/Anillo-INFINITO.jpg?fit=1182%2C1182\" data-orig-size=\"1182,1182\" data-comments-opened=\"1\" data-image-meta=\"{&quot;aperture&quot;:&quot;0&quot;,&quot;credit&quot;:&quot;&quot;,&quot;camera&quot;:&quot;&quot;,&quot;caption&quot;:&quot;&quot;,&quot;created_timestamp&quot;:&quot;0&quot;,&quot;copyright&quot;:&quot;&quot;,&quot;focal_length&quot;:&quot;0&quot;,&quot;iso&quot;:&quot;0&quot;,&quot;shutter_speed&quot;:&quot;0&quot;,&quot;title&quot;:&quot;&quot;,&quot;orientation&quot;:&quot;0&quot;}\" data-image-title=\"Anillo INFINITO\" data-image-description=\"\" data-image-caption=\"\" data-medium-file=\"https:\/\/i0.wp.com\/miplatafina.es\/blog\/wp-content\/uploads\/2018\/11\/Anillo-INFINITO.jpg?fit=300%2C300\" data-large-file=\"https:\/\/i0.wp.com\/miplatafina.es\/blog\/wp-content\/uploads\/2018\/11\/Anillo-INFINITO.jpg?fit=1024%2C1024\" class=\"wp-image-912 aligncenter\" src=\"https:\/\/i0.wp.com\/miplatafina.es\/blog\/wp-content\/uploads\/2018\/11\/Anillo-INFINITO.jpg?resize=300%2C300&#038;ssl=1\" alt=\"Anillo Infinito en Plata Personalizado para Black Friday\" width=\"300\" height=\"300\" srcset=\"https:\/\/i0.wp.com\/miplatafina.es\/blog\/wp-content\/uploads\/2018\/11\/Anillo-INFINITO.jpg?w=1182 1182w, https:\/\/i0.wp.com\/miplatafina.es\/blog\/wp-content\/uploads\/2018\/11\/Anillo-INFINITO.jpg?resize=150%2C150 150w, https:\/\/i0.wp.com\/miplatafina.es\/blog\/wp-content\/uploads\/2018\/11\/Anillo-INFINITO.jpg?resize=300%2C300 300w, https:\/\/i0.wp.com\/miplatafina.es\/blog\/wp-content\/uploads\/2018\/11\/Anillo-INFINITO.jpg?resize=768%2C768 768w, https:\/\/i0.wp.com\/miplatafina.es\/blog\/wp-content\/uploads\/2018\/11\/Anillo-INFINITO.jpg?resize=1024%2C1024 1024w\" sizes=\"(max-width: 300px) 100vw, 300px\" \/><\/a><strong><a href=\"https:\/\/www.miplatafina.es\/es\/anillos\/197-anillo-infinito.html\">Anillo Infinito en Plata de Ley o Ba\u00f1o de Oro de 18K<\/a><\/strong><\/p>\n<p>\u00a0<\/p>\n<h2><span style=\"font-weight: 400;\">Colgante Audrey en Plata de Ley &#8211; Black Friday<\/span><\/h2>\n<p>Una joya dulce, delicada y radiante compuesto de un Colgante con Coraz\u00f3n + cadena en plata de ley con grabado incluido de tu nombre o mensaje especial.<\/p>\n<p><a href=\"https:\/\/www.miplatafina.es\/colgantes\/135-colgante-corazon-audrey.html\"><img data-recalc-dims=\"1\" loading=\"lazy\" decoding=\"async\" data-attachment-id=\"913\" data-permalink=\"http:\/\/miplatafina.es\/blog\/black-friday-joyas-personalizadas\/colgante-audrey\/\" data-orig-file=\"https:\/\/i0.wp.com\/miplatafina.es\/blog\/wp-content\/uploads\/2018\/11\/Colgante-AUDREy.jpg?fit=1182%2C1183\" data-orig-size=\"1182,1183\" data-comments-opened=\"1\" data-image-meta=\"{&quot;aperture&quot;:&quot;0&quot;,&quot;credit&quot;:&quot;&quot;,&quot;camera&quot;:&quot;&quot;,&quot;caption&quot;:&quot;&quot;,&quot;created_timestamp&quot;:&quot;0&quot;,&quot;copyright&quot;:&quot;&quot;,&quot;focal_length&quot;:&quot;0&quot;,&quot;iso&quot;:&quot;0&quot;,&quot;shutter_speed&quot;:&quot;0&quot;,&quot;title&quot;:&quot;&quot;,&quot;orientation&quot;:&quot;0&quot;}\" data-image-title=\"Colgante AUDREy\" data-image-description=\"\" data-image-caption=\"\" data-medium-file=\"https:\/\/i0.wp.com\/miplatafina.es\/blog\/wp-content\/uploads\/2018\/11\/Colgante-AUDREy.jpg?fit=300%2C300\" data-large-file=\"https:\/\/i0.wp.com\/miplatafina.es\/blog\/wp-content\/uploads\/2018\/11\/Colgante-AUDREy.jpg?fit=1024%2C1024\" class=\"  aligncenter wp-image-913\" src=\"https:\/\/i0.wp.com\/miplatafina.es\/blog\/wp-content\/uploads\/2018\/11\/Colgante-AUDREy.jpg?resize=299%2C299&#038;ssl=1\" alt=\"Colgante Audrey Coraz\u00f3n con Grabado Personalizado para Black Friday\" width=\"299\" height=\"299\" srcset=\"https:\/\/i0.wp.com\/miplatafina.es\/blog\/wp-content\/uploads\/2018\/11\/Colgante-AUDREy.jpg?w=1182 1182w, https:\/\/i0.wp.com\/miplatafina.es\/blog\/wp-content\/uploads\/2018\/11\/Colgante-AUDREy.jpg?resize=150%2C150 150w, https:\/\/i0.wp.com\/miplatafina.es\/blog\/wp-content\/uploads\/2018\/11\/Colgante-AUDREy.jpg?resize=300%2C300 300w, https:\/\/i0.wp.com\/miplatafina.es\/blog\/wp-content\/uploads\/2018\/11\/Colgante-AUDREy.jpg?resize=768%2C769 768w, https:\/\/i0.wp.com\/miplatafina.es\/blog\/wp-content\/uploads\/2018\/11\/Colgante-AUDREy.jpg?resize=1024%2C1024 1024w\" sizes=\"(max-width: 299px) 100vw, 299px\" \/><\/a><\/p>\n<p style=\"text-align: center;\"><strong><a href=\"https:\/\/www.miplatafina.es\/es\/colgantes\/135-colgante-corazon-audrey.html\">Colgante Audrey en Plata de Ley<\/a><\/strong><\/p>\n<h2><span style=\"font-weight: 400;\">Pulsera de piel &#8211; Black Friday<\/span><\/h2>\n<p><span style=\"font-weight: 400;\">Una pulsera sublime, masculina y con un toque rebelde que combina con cualquier look. Esta pulsera est\u00e1 compuesta de un trenzado de piel italiana junto con un cierre que puedes personalizar con tu nombre o frase para hacerla \u00fanica.\u00a0<\/span><\/p>\n<p style=\"text-align: center;\"><a href=\"https:\/\/www.miplatafina.es\/pulseras\/114-pulsera-de-piel.html\"><img data-recalc-dims=\"1\" loading=\"lazy\" decoding=\"async\" data-attachment-id=\"874\" data-permalink=\"http:\/\/miplatafina.es\/blog\/top-10-pulseras-de-plata-mas-venidas\/top-10-pulseras-de-plata-mas-venidas-pulsera-de-piel-para-hombre\/\" data-orig-file=\"https:\/\/i0.wp.com\/miplatafina.es\/blog\/wp-content\/uploads\/2018\/11\/Top-10-pulseras-de-plata-m%C3%A1s-venidas-Pulsera-de-Piel-para-Hombre.jpg?fit=1181%2C1182\" data-orig-size=\"1181,1182\" data-comments-opened=\"1\" data-image-meta=\"{&quot;aperture&quot;:&quot;0&quot;,&quot;credit&quot;:&quot;&quot;,&quot;camera&quot;:&quot;&quot;,&quot;caption&quot;:&quot;&quot;,&quot;created_timestamp&quot;:&quot;0&quot;,&quot;copyright&quot;:&quot;&quot;,&quot;focal_length&quot;:&quot;0&quot;,&quot;iso&quot;:&quot;0&quot;,&quot;shutter_speed&quot;:&quot;0&quot;,&quot;title&quot;:&quot;&quot;,&quot;orientation&quot;:&quot;0&quot;}\" data-image-title=\"Top 10 pulseras de plata m\u00e1s venidas &#8211; Pulsera de Piel para Hombre\" data-image-description=\"\" data-image-caption=\"\" data-medium-file=\"https:\/\/i0.wp.com\/miplatafina.es\/blog\/wp-content\/uploads\/2018\/11\/Top-10-pulseras-de-plata-m%C3%A1s-venidas-Pulsera-de-Piel-para-Hombre.jpg?fit=300%2C300\" data-large-file=\"https:\/\/i0.wp.com\/miplatafina.es\/blog\/wp-content\/uploads\/2018\/11\/Top-10-pulseras-de-plata-m%C3%A1s-venidas-Pulsera-de-Piel-para-Hombre.jpg?fit=1024%2C1024\" class=\"  aligncenter wp-image-874\" src=\"https:\/\/i0.wp.com\/miplatafina.es\/blog\/wp-content\/uploads\/2018\/11\/Top-10-pulseras-de-plata-m%C3%A1s-venidas-Pulsera-de-Piel-para-Hombre.jpg?resize=300%2C300&#038;ssl=1\" alt=\"Pulsera de Piel para Hombre Personalizada\" width=\"300\" height=\"300\" srcset=\"https:\/\/i0.wp.com\/miplatafina.es\/blog\/wp-content\/uploads\/2018\/11\/Top-10-pulseras-de-plata-m%C3%A1s-venidas-Pulsera-de-Piel-para-Hombre.jpg?w=1181 1181w, https:\/\/i0.wp.com\/miplatafina.es\/blog\/wp-content\/uploads\/2018\/11\/Top-10-pulseras-de-plata-m%C3%A1s-venidas-Pulsera-de-Piel-para-Hombre.jpg?resize=150%2C150 150w, https:\/\/i0.wp.com\/miplatafina.es\/blog\/wp-content\/uploads\/2018\/11\/Top-10-pulseras-de-plata-m%C3%A1s-venidas-Pulsera-de-Piel-para-Hombre.jpg?resize=300%2C300 300w, https:\/\/i0.wp.com\/miplatafina.es\/blog\/wp-content\/uploads\/2018\/11\/Top-10-pulseras-de-plata-m%C3%A1s-venidas-Pulsera-de-Piel-para-Hombre.jpg?resize=768%2C769 768w, https:\/\/i0.wp.com\/miplatafina.es\/blog\/wp-content\/uploads\/2018\/11\/Top-10-pulseras-de-plata-m%C3%A1s-venidas-Pulsera-de-Piel-para-Hombre.jpg?resize=1024%2C1024 1024w\" sizes=\"(max-width: 300px) 100vw, 300px\" \/>Pulsera Piel personalizada<\/a><\/p>\n<p>Tanto si quieres lucir una Joya para ti como para regalar en Navidad, el Black Friday en Joyas Personalizadas es una excelente oportunidad para hacerte con todas ellas.<\/p>\n<p style=\"text-align: center;\"><strong>\u00a1Aprovecha la ocasi\u00f3n y disfruta del Descuento que te hemos preparado en la <a href=\"https:\/\/www.miplatafina.es\/es\/\">tienda online MPF<\/a>!<\/strong><\/p>\n<p>\u00a0<\/p>\n<p><a href=\"https:\/\/i0.wp.com\/miplatafina.es\/blog\/wp-content\/uploads\/2017\/09\/caja-web.png\"><img data-recalc-dims=\"1\" loading=\"lazy\" decoding=\"async\" data-attachment-id=\"1247\" data-permalink=\"http:\/\/miplatafina.es\/blog\/consejos-para-el-cuidado-en-joyas-de-plata-oro\/caja-web\/\" data-orig-file=\"https:\/\/i0.wp.com\/miplatafina.es\/blog\/wp-content\/uploads\/2017\/09\/caja-web.png?fit=696%2C556\" data-orig-size=\"696,556\" data-comments-opened=\"1\" data-image-meta=\"{&quot;aperture&quot;:&quot;0&quot;,&quot;credit&quot;:&quot;&quot;,&quot;camera&quot;:&quot;&quot;,&quot;caption&quot;:&quot;&quot;,&quot;created_timestamp&quot;:&quot;0&quot;,&quot;copyright&quot;:&quot;&quot;,&quot;focal_length&quot;:&quot;0&quot;,&quot;iso&quot;:&quot;0&quot;,&quot;shutter_speed&quot;:&quot;0&quot;,&quot;title&quot;:&quot;&quot;,&quot;orientation&quot;:&quot;0&quot;}\" data-image-title=\"caja web\" data-image-description=\"\" data-image-caption=\"\" data-medium-file=\"https:\/\/i0.wp.com\/miplatafina.es\/blog\/wp-content\/uploads\/2017\/09\/caja-web.png?fit=300%2C240\" data-large-file=\"https:\/\/i0.wp.com\/miplatafina.es\/blog\/wp-content\/uploads\/2017\/09\/caja-web.png?fit=696%2C556\" class=\"wp-image-1247 aligncenter\" src=\"https:\/\/i0.wp.com\/miplatafina.es\/blog\/wp-content\/uploads\/2017\/09\/caja-web.png?resize=108%2C86\" alt=\"Estuche Mi Plata Fina\" width=\"108\" height=\"86\" srcset=\"https:\/\/i0.wp.com\/miplatafina.es\/blog\/wp-content\/uploads\/2017\/09\/caja-web.png?resize=300%2C240 300w, https:\/\/i0.wp.com\/miplatafina.es\/blog\/wp-content\/uploads\/2017\/09\/caja-web.png?w=696 696w\" sizes=\"(max-width: 108px) 100vw, 108px\" \/><\/a><\/p>\n<p style=\"text-align: center;\"><a href=\"https:\/\/www.miplatafina.es\"><b><i>Mi Plata Fina<\/i><\/b><\/a><b><i>, joyas que hablan de ti<\/i><\/b><span style=\"font-weight: 400;\">.<\/span><\/p>\n\n\n<p><\/p>\n","protected":false},"excerpt":{"rendered":"<p>En Mi Plata Fina, tambi\u00e9n celebramos el Black Friday. Por eso, queremos que nos acompa\u00f1es en este art\u00edculo en el que te recomendamos 5 joyas para comprar en Black Friday.<\/p>\n","protected":false},"author":6,"featured_media":937,"comment_status":"open","ping_status":"open","sticky":false,"template":"","format":"standard","meta":{"jetpack_post_was_ever_published":false,"_jetpack_newsletter_access":"","_jetpack_dont_email_post_to_subs":false,"_jetpack_newsletter_tier_id":0,"_jetpack_memberships_contains_paywalled_content":false,"_jetpack_memberships_contains_paid_content":false,"footnotes":"","jetpack_publicize_message":"","jetpack_publicize_feature_enabled":true,"jetpack_social_post_already_shared":true,"jetpack_social_options":{"image_generator_settings":{"template":"highway","enabled":false},"version":2}},"categories":[1],"tags":[],"class_list":["post-911","post","type-post","status-publish","format-standard","has-post-thumbnail","hentry","category-joyas-personalizadas-para-cada-ocasion"],"jetpack_publicize_connections":[],"yoast_head":"<!-- This site is optimized with the Yoast SEO plugin v25.6 - https:\/\/yoast.com\/wordpress\/plugins\/seo\/ -->\n<title>Black Friday en Joyas Personalizadas - Mi plata fina<\/title>\n<meta name=\"description\" content=\"Descubre los Descuentos de Black Friday en Joyas Personalizadas como Anillos, Pulseras, Colgantes con Grabado de tu Nombre o Frase especial\" \/>\n<meta name=\"robots\" content=\"index, follow, max-snippet:-1, max-image-preview:large, max-video-preview:-1\" \/>\n<link rel=\"canonical\" href=\"http:\/\/miplatafina.es\/blog\/black-friday-joyas-personalizadas\/\" \/>\n<meta property=\"og:locale\" content=\"es_ES\" \/>\n<meta property=\"og:type\" content=\"article\" \/>\n<meta property=\"og:title\" content=\"Black Friday en Joyas Personalizadas - Mi plata fina\" \/>\n<meta property=\"og:description\" content=\"Descubre los Descuentos de Black Friday en Joyas Personalizadas como Anillos, Pulseras, Colgantes con Grabado de tu Nombre o Frase especial\" \/>\n<meta property=\"og:url\" content=\"http:\/\/miplatafina.es\/blog\/black-friday-joyas-personalizadas\/\" \/>\n<meta property=\"og:site_name\" content=\"Mi plata fina\" \/>\n<meta property=\"article:published_time\" content=\"2018-11-16T11:28:33+00:00\" \/>\n<meta property=\"article:modified_time\" content=\"2019-11-20T18:20:01+00:00\" \/>\n<meta property=\"og:image\" content=\"https:\/\/i0.wp.com\/miplatafina.es\/blog\/wp-content\/uploads\/2018\/11\/black-friday-blog.png?fit=768%2C768\" \/>\n\t<meta property=\"og:image:width\" content=\"768\" \/>\n\t<meta property=\"og:image:height\" content=\"768\" \/>\n\t<meta property=\"og:image:type\" content=\"image\/png\" \/>\n<meta name=\"author\" content=\"Irene\" \/>\n<meta name=\"twitter:card\" content=\"summary_large_image\" \/>\n<meta name=\"twitter:label1\" content=\"Escrito por\" \/>\n\t<meta name=\"twitter:data1\" content=\"Irene\" \/>\n\t<meta name=\"twitter:label2\" content=\"Tiempo de lectura\" \/>\n\t<meta name=\"twitter:data2\" content=\"2 minutos\" \/>\n<script type=\"application\/ld+json\" class=\"yoast-schema-graph\">{\"@context\":\"https:\/\/schema.org\",\"@graph\":[{\"@type\":\"WebPage\",\"@id\":\"http:\/\/miplatafina.es\/blog\/black-friday-joyas-personalizadas\/\",\"url\":\"http:\/\/miplatafina.es\/blog\/black-friday-joyas-personalizadas\/\",\"name\":\"Black Friday en Joyas Personalizadas - Mi plata fina\",\"isPartOf\":{\"@id\":\"http:\/\/miplatafina.es\/blog\/#website\"},\"primaryImageOfPage\":{\"@id\":\"http:\/\/miplatafina.es\/blog\/black-friday-joyas-personalizadas\/#primaryimage\"},\"image\":{\"@id\":\"http:\/\/miplatafina.es\/blog\/black-friday-joyas-personalizadas\/#primaryimage\"},\"thumbnailUrl\":\"https:\/\/i0.wp.com\/miplatafina.es\/blog\/wp-content\/uploads\/2018\/11\/black-friday-blog.png?fit=768%2C768\",\"datePublished\":\"2018-11-16T11:28:33+00:00\",\"dateModified\":\"2019-11-20T18:20:01+00:00\",\"author\":{\"@id\":\"http:\/\/miplatafina.es\/blog\/#\/schema\/person\/c1bd0189480e6765a8c1be8add016d67\"},\"description\":\"Descubre los Descuentos de Black Friday en Joyas Personalizadas como Anillos, Pulseras, Colgantes con Grabado de tu Nombre o Frase especial\",\"breadcrumb\":{\"@id\":\"http:\/\/miplatafina.es\/blog\/black-friday-joyas-personalizadas\/#breadcrumb\"},\"inLanguage\":\"es\",\"potentialAction\":[{\"@type\":\"ReadAction\",\"target\":[\"http:\/\/miplatafina.es\/blog\/black-friday-joyas-personalizadas\/\"]}]},{\"@type\":\"ImageObject\",\"inLanguage\":\"es\",\"@id\":\"http:\/\/miplatafina.es\/blog\/black-friday-joyas-personalizadas\/#primaryimage\",\"url\":\"https:\/\/i0.wp.com\/miplatafina.es\/blog\/wp-content\/uploads\/2018\/11\/black-friday-blog.png?fit=768%2C768\",\"contentUrl\":\"https:\/\/i0.wp.com\/miplatafina.es\/blog\/wp-content\/uploads\/2018\/11\/black-friday-blog.png?fit=768%2C768\",\"width\":768,\"height\":768},{\"@type\":\"BreadcrumbList\",\"@id\":\"http:\/\/miplatafina.es\/blog\/black-friday-joyas-personalizadas\/#breadcrumb\",\"itemListElement\":[{\"@type\":\"ListItem\",\"position\":1,\"name\":\"Portada\",\"item\":\"http:\/\/miplatafina.es\/blog\/\"},{\"@type\":\"ListItem\",\"position\":2,\"name\":\"INICIO\",\"item\":\"http:\/\/miplatafina.es\/blog\/category\/inicio\/\"},{\"@type\":\"ListItem\",\"position\":3,\"name\":\"JOYAS PARA CADA OCASI\u00d3N\",\"item\":\"http:\/\/miplatafina.es\/blog\/category\/inicio\/joyas-personalizadas-para-cada-ocasion\/\"},{\"@type\":\"ListItem\",\"position\":4,\"name\":\"Black Friday en Joyas Personalizadas\"}]},{\"@type\":\"WebSite\",\"@id\":\"http:\/\/miplatafina.es\/blog\/#website\",\"url\":\"http:\/\/miplatafina.es\/blog\/\",\"name\":\"Mi plata fina\",\"description\":\"Joyas que hablan de ti\",\"potentialAction\":[{\"@type\":\"SearchAction\",\"target\":{\"@type\":\"EntryPoint\",\"urlTemplate\":\"http:\/\/miplatafina.es\/blog\/?s={search_term_string}\"},\"query-input\":{\"@type\":\"PropertyValueSpecification\",\"valueRequired\":true,\"valueName\":\"search_term_string\"}}],\"inLanguage\":\"es\"},{\"@type\":\"Person\",\"@id\":\"http:\/\/miplatafina.es\/blog\/#\/schema\/person\/c1bd0189480e6765a8c1be8add016d67\",\"name\":\"Irene\",\"image\":{\"@type\":\"ImageObject\",\"inLanguage\":\"es\",\"@id\":\"http:\/\/miplatafina.es\/blog\/#\/schema\/person\/image\/\",\"url\":\"http:\/\/0.gravatar.com\/avatar\/9c005d8de830808ce5f15d33aaa5ecc5?s=96&d=mm&r=g\",\"contentUrl\":\"http:\/\/0.gravatar.com\/avatar\/9c005d8de830808ce5f15d33aaa5ecc5?s=96&d=mm&r=g\",\"caption\":\"Irene\"},\"url\":\"http:\/\/miplatafina.es\/blog\/author\/irene\/\"}]}<\/script>\n<!-- \/ Yoast SEO plugin. -->","yoast_head_json":{"title":"Black Friday en Joyas Personalizadas - Mi plata fina","description":"Descubre los Descuentos de Black Friday en Joyas Personalizadas como Anillos, Pulseras, Colgantes con Grabado de tu Nombre o Frase especial","robots":{"index":"index","follow":"follow","max-snippet":"max-snippet:-1","max-image-preview":"max-image-preview:large","max-video-preview":"max-video-preview:-1"},"canonical":"http:\/\/miplatafina.es\/blog\/black-friday-joyas-personalizadas\/","og_locale":"es_ES","og_type":"article","og_title":"Black Friday en Joyas Personalizadas - Mi plata fina","og_description":"Descubre los Descuentos de Black Friday en Joyas Personalizadas como Anillos, Pulseras, Colgantes con Grabado de tu Nombre o Frase especial","og_url":"http:\/\/miplatafina.es\/blog\/black-friday-joyas-personalizadas\/","og_site_name":"Mi plata fina","article_published_time":"2018-11-16T11:28:33+00:00","article_modified_time":"2019-11-20T18:20:01+00:00","og_image":[{"width":768,"height":768,"url":"https:\/\/i0.wp.com\/miplatafina.es\/blog\/wp-content\/uploads\/2018\/11\/black-friday-blog.png?fit=768%2C768","type":"image\/png"}],"author":"Irene","twitter_card":"summary_large_image","twitter_misc":{"Escrito por":"Irene","Tiempo de lectura":"2 minutos"},"schema":{"@context":"https:\/\/schema.org","@graph":[{"@type":"WebPage","@id":"http:\/\/miplatafina.es\/blog\/black-friday-joyas-personalizadas\/","url":"http:\/\/miplatafina.es\/blog\/black-friday-joyas-personalizadas\/","name":"Black Friday en Joyas Personalizadas - Mi plata fina","isPartOf":{"@id":"http:\/\/miplatafina.es\/blog\/#website"},"primaryImageOfPage":{"@id":"http:\/\/miplatafina.es\/blog\/black-friday-joyas-personalizadas\/#primaryimage"},"image":{"@id":"http:\/\/miplatafina.es\/blog\/black-friday-joyas-personalizadas\/#primaryimage"},"thumbnailUrl":"https:\/\/i0.wp.com\/miplatafina.es\/blog\/wp-content\/uploads\/2018\/11\/black-friday-blog.png?fit=768%2C768","datePublished":"2018-11-16T11:28:33+00:00","dateModified":"2019-11-20T18:20:01+00:00","author":{"@id":"http:\/\/miplatafina.es\/blog\/#\/schema\/person\/c1bd0189480e6765a8c1be8add016d67"},"description":"Descubre los Descuentos de Black Friday en Joyas Personalizadas como Anillos, Pulseras, Colgantes con Grabado de tu Nombre o Frase especial","breadcrumb":{"@id":"http:\/\/miplatafina.es\/blog\/black-friday-joyas-personalizadas\/#breadcrumb"},"inLanguage":"es","potentialAction":[{"@type":"ReadAction","target":["http:\/\/miplatafina.es\/blog\/black-friday-joyas-personalizadas\/"]}]},{"@type":"ImageObject","inLanguage":"es","@id":"http:\/\/miplatafina.es\/blog\/black-friday-joyas-personalizadas\/#primaryimage","url":"https:\/\/i0.wp.com\/miplatafina.es\/blog\/wp-content\/uploads\/2018\/11\/black-friday-blog.png?fit=768%2C768","contentUrl":"https:\/\/i0.wp.com\/miplatafina.es\/blog\/wp-content\/uploads\/2018\/11\/black-friday-blog.png?fit=768%2C768","width":768,"height":768},{"@type":"BreadcrumbList","@id":"http:\/\/miplatafina.es\/blog\/black-friday-joyas-personalizadas\/#breadcrumb","itemListElement":[{"@type":"ListItem","position":1,"name":"Portada","item":"http:\/\/miplatafina.es\/blog\/"},{"@type":"ListItem","position":2,"name":"INICIO","item":"http:\/\/miplatafina.es\/blog\/category\/inicio\/"},{"@type":"ListItem","position":3,"name":"JOYAS PARA CADA OCASI\u00d3N","item":"http:\/\/miplatafina.es\/blog\/category\/inicio\/joyas-personalizadas-para-cada-ocasion\/"},{"@type":"ListItem","position":4,"name":"Black Friday en Joyas Personalizadas"}]},{"@type":"WebSite","@id":"http:\/\/miplatafina.es\/blog\/#website","url":"http:\/\/miplatafina.es\/blog\/","name":"Mi plata fina","description":"Joyas que hablan de ti","potentialAction":[{"@type":"SearchAction","target":{"@type":"EntryPoint","urlTemplate":"http:\/\/miplatafina.es\/blog\/?s={search_term_string}"},"query-input":{"@type":"PropertyValueSpecification","valueRequired":true,"valueName":"search_term_string"}}],"inLanguage":"es"},{"@type":"Person","@id":"http:\/\/miplatafina.es\/blog\/#\/schema\/person\/c1bd0189480e6765a8c1be8add016d67","name":"Irene","image":{"@type":"ImageObject","inLanguage":"es","@id":"http:\/\/miplatafina.es\/blog\/#\/schema\/person\/image\/","url":"http:\/\/0.gravatar.com\/avatar\/9c005d8de830808ce5f15d33aaa5ecc5?s=96&d=mm&r=g","contentUrl":"http:\/\/0.gravatar.com\/avatar\/9c005d8de830808ce5f15d33aaa5ecc5?s=96&d=mm&r=g","caption":"Irene"},"url":"http:\/\/miplatafina.es\/blog\/author\/irene\/"}]}},"jetpack_featured_media_url":"https:\/\/i0.wp.com\/miplatafina.es\/blog\/wp-content\/uploads\/2018\/11\/black-friday-blog.png?fit=768%2C768","jetpack_sharing_enabled":true,"jetpack_shortlink":"https:\/\/wp.me\/p9j6Jz-eH","jetpack_likes_enabled":true,"jetpack-related-posts":[],"_links":{"self":[{"href":"http:\/\/miplatafina.es\/blog\/wp-json\/wp\/v2\/posts\/911"}],"collection":[{"href":"http:\/\/miplatafina.es\/blog\/wp-json\/wp\/v2\/posts"}],"about":[{"href":"http:\/\/miplatafina.es\/blog\/wp-json\/wp\/v2\/types\/post"}],"author":[{"embeddable":true,"href":"http:\/\/miplatafina.es\/blog\/wp-json\/wp\/v2\/users\/6"}],"replies":[{"embeddable":true,"href":"http:\/\/miplatafina.es\/blog\/wp-json\/wp\/v2\/comments?post=911"}],"version-history":[{"count":38,"href":"http:\/\/miplatafina.es\/blog\/wp-json\/wp\/v2\/posts\/911\/revisions"}],"predecessor-version":[{"id":1474,"href":"http:\/\/miplatafina.es\/blog\/wp-json\/wp\/v2\/posts\/911\/revisions\/1474"}],"wp:featuredmedia":[{"embeddable":true,"href":"http:\/\/miplatafina.es\/blog\/wp-json\/wp\/v2\/media\/937"}],"wp:attachment":[{"href":"http:\/\/miplatafina.es\/blog\/wp-json\/wp\/v2\/media?parent=911"}],"wp:term":[{"taxonomy":"category","embeddable":true,"href":"http:\/\/miplatafina.es\/blog\/wp-json\/wp\/v2\/categories?post=911"},{"taxonomy":"post_tag","embeddable":true,"href":"http:\/\/miplatafina.es\/blog\/wp-json\/wp\/v2\/tags?post=911"}],"curies":[{"name":"wp","href":"https:\/\/api.w.org\/{rel}","templated":true}]}}