{"id":997,"date":"2019-01-28T12:40:47","date_gmt":"2019-01-28T12:40:47","guid":{"rendered":"http:\/\/miplatafina.es\/blog\/?p=997"},"modified":"2019-07-03T14:27:37","modified_gmt":"2019-07-03T14:27:37","slug":"san-valentin-guia-de-regalos-personalizados","status":"publish","type":"post","link":"http:\/\/miplatafina.es\/blog\/san-valentin-guia-de-regalos-personalizados\/","title":{"rendered":"SAN VALENT\u00cdN: GU\u00cdA DE REGALOS PARA MUJER."},"content":{"rendered":"<p style=\"text-align: justify;\">Se acerca una de las fechas m\u00e1s especiales del a\u00f1o, un d\u00eda en el que&nbsp; todo el mundo celebra el amor.&nbsp; El <strong>14 de Febrero<\/strong> es <strong>San Valent\u00edn<\/strong> y es la festividad en la que s\u00f3lo valen los \u00abte quiero\u00bb y las muestras de afecto, agradecer a esa persona tan especial todo lo que hab\u00e9is vivido y todo lo que hab\u00e9is sentido juntos. Por eso, queremos ayudarte a hacerlo de la manera m\u00e1s <strong>\u00fanica y original<\/strong>, con <strong>joyas<\/strong> que cuenten vuestra historia de amor, que hablen de vosotros y de todo lo que sois y hab\u00e9is construido juntos y, sobre todo, lo que os queda por vivir. En este post te traemos una <strong>selecci\u00f3n de joyas para ella<\/strong>, con <strong>ideas para personalizar<\/strong> <strong>que har\u00e1n que hagas el regalo m\u00e1s especial<\/strong>:<\/p>\n<h2 style=\"text-align: justify;\"><strong>COLGANTE ESTRELLA<\/strong><\/h2>\n<p style=\"text-align: justify;\">Elegante y actual. La combinaci\u00f3n entre la <strong>cadena rolo y la estrella<\/strong> crean una combinaci\u00f3n incre\u00edble, que adem\u00e1s puedes hacer mucho m\u00e1s especial personalizando con frases tan especiales como la de abajo. Tambi\u00e9n <strong>disponible en Plata de Ley y Ba\u00f1o de Oro de 18 Kilates.<\/strong><\/p>\n<p style=\"text-align: justify;\"><img data-recalc-dims=\"1\" loading=\"lazy\" decoding=\"async\" data-attachment-id=\"1001\" data-permalink=\"http:\/\/miplatafina.es\/blog\/san-valentin-guia-de-regalos-personalizados\/colgante-estrella\/\" data-orig-file=\"https:\/\/i0.wp.com\/miplatafina.es\/blog\/wp-content\/uploads\/2019\/01\/COLGANTE-ESTRELLA.jpg?fit=1418%2C1417\" data-orig-size=\"1418,1417\" data-comments-opened=\"1\" data-image-meta=\"{&quot;aperture&quot;:&quot;0&quot;,&quot;credit&quot;:&quot;usuario&quot;,&quot;camera&quot;:&quot;&quot;,&quot;caption&quot;:&quot;&quot;,&quot;created_timestamp&quot;:&quot;0&quot;,&quot;copyright&quot;:&quot;&quot;,&quot;focal_length&quot;:&quot;0&quot;,&quot;iso&quot;:&quot;0&quot;,&quot;shutter_speed&quot;:&quot;0&quot;,&quot;title&quot;:&quot;&quot;,&quot;orientation&quot;:&quot;0&quot;}\" data-image-title=\"COLGANTE ESTRELLA\" data-image-description=\"\" data-image-caption=\"\" data-medium-file=\"https:\/\/i0.wp.com\/miplatafina.es\/blog\/wp-content\/uploads\/2019\/01\/COLGANTE-ESTRELLA.jpg?fit=300%2C300\" data-large-file=\"https:\/\/i0.wp.com\/miplatafina.es\/blog\/wp-content\/uploads\/2019\/01\/COLGANTE-ESTRELLA.jpg?fit=1024%2C1024\" class=\"alignnone size-full wp-image-1001\" src=\"https:\/\/i0.wp.com\/miplatafina.es\/blog\/wp-content\/uploads\/2019\/01\/COLGANTE-ESTRELLA.jpg?resize=1200%2C1199&#038;ssl=1\" alt=\"COLGANTE ESTRELLA\" width=\"1200\" height=\"1199\" srcset=\"https:\/\/i0.wp.com\/miplatafina.es\/blog\/wp-content\/uploads\/2019\/01\/COLGANTE-ESTRELLA.jpg?w=1418 1418w, https:\/\/i0.wp.com\/miplatafina.es\/blog\/wp-content\/uploads\/2019\/01\/COLGANTE-ESTRELLA.jpg?resize=150%2C150 150w, https:\/\/i0.wp.com\/miplatafina.es\/blog\/wp-content\/uploads\/2019\/01\/COLGANTE-ESTRELLA.jpg?resize=300%2C300 300w, https:\/\/i0.wp.com\/miplatafina.es\/blog\/wp-content\/uploads\/2019\/01\/COLGANTE-ESTRELLA.jpg?resize=768%2C767 768w, https:\/\/i0.wp.com\/miplatafina.es\/blog\/wp-content\/uploads\/2019\/01\/COLGANTE-ESTRELLA.jpg?resize=1024%2C1024 1024w\" sizes=\"(max-width: 1200px) 100vw, 1200px\" \/><\/p>\n<p style=\"text-align: right;\"><em><a href=\"https:\/\/www.miplatafina.es\/es\/san-valentin\/551-colgante-estrella-enamorados.html\">Personaliza el Colgante Estrella.<\/a><\/em><\/p>\n<h2 style=\"text-align: justify;\"><strong>COLGANTE \u00c1RBOL DE LA VIDA<\/strong><\/h2>\n<p style=\"text-align: justify;\">Uno de los <strong>cl\u00e1sicos<\/strong>. Tienen un gran significado sentimental que, adem\u00e1s, puedes complementar personaliz\u00e1ndolo con la frase que m\u00e1s os identifique. <strong>Disponible en Plata de Ley y Ba\u00f1o de Oro de 18 kilates.<\/strong><\/p>\n<p style=\"text-align: justify;\"><img data-recalc-dims=\"1\" loading=\"lazy\" decoding=\"async\" data-attachment-id=\"1000\" data-permalink=\"http:\/\/miplatafina.es\/blog\/san-valentin-guia-de-regalos-personalizados\/colgante-arbol-de-la-vida\/\" data-orig-file=\"https:\/\/i0.wp.com\/miplatafina.es\/blog\/wp-content\/uploads\/2019\/01\/COLGANTE-ARBOL-DE-LA-VIDA.jpg?fit=1417%2C1418\" data-orig-size=\"1417,1418\" data-comments-opened=\"1\" data-image-meta=\"{&quot;aperture&quot;:&quot;0&quot;,&quot;credit&quot;:&quot;usuario&quot;,&quot;camera&quot;:&quot;&quot;,&quot;caption&quot;:&quot;&quot;,&quot;created_timestamp&quot;:&quot;1548066781&quot;,&quot;copyright&quot;:&quot;&quot;,&quot;focal_length&quot;:&quot;0&quot;,&quot;iso&quot;:&quot;0&quot;,&quot;shutter_speed&quot;:&quot;0&quot;,&quot;title&quot;:&quot;&quot;,&quot;orientation&quot;:&quot;0&quot;}\" data-image-title=\"COLGANTE ARBOL DE LA VIDA\" data-image-description=\"\" data-image-caption=\"\" data-medium-file=\"https:\/\/i0.wp.com\/miplatafina.es\/blog\/wp-content\/uploads\/2019\/01\/COLGANTE-ARBOL-DE-LA-VIDA.jpg?fit=300%2C300\" data-large-file=\"https:\/\/i0.wp.com\/miplatafina.es\/blog\/wp-content\/uploads\/2019\/01\/COLGANTE-ARBOL-DE-LA-VIDA.jpg?fit=1024%2C1024\" class=\"alignnone size-full wp-image-1000\" src=\"https:\/\/i0.wp.com\/miplatafina.es\/blog\/wp-content\/uploads\/2019\/01\/COLGANTE-ARBOL-DE-LA-VIDA.jpg?resize=1200%2C1201&#038;ssl=1\" alt=\"COLGANTE ARBOL DE LA VIDA\" width=\"1200\" height=\"1201\" srcset=\"https:\/\/i0.wp.com\/miplatafina.es\/blog\/wp-content\/uploads\/2019\/01\/COLGANTE-ARBOL-DE-LA-VIDA.jpg?w=1417 1417w, https:\/\/i0.wp.com\/miplatafina.es\/blog\/wp-content\/uploads\/2019\/01\/COLGANTE-ARBOL-DE-LA-VIDA.jpg?resize=150%2C150 150w, https:\/\/i0.wp.com\/miplatafina.es\/blog\/wp-content\/uploads\/2019\/01\/COLGANTE-ARBOL-DE-LA-VIDA.jpg?resize=300%2C300 300w, https:\/\/i0.wp.com\/miplatafina.es\/blog\/wp-content\/uploads\/2019\/01\/COLGANTE-ARBOL-DE-LA-VIDA.jpg?resize=768%2C769 768w, https:\/\/i0.wp.com\/miplatafina.es\/blog\/wp-content\/uploads\/2019\/01\/COLGANTE-ARBOL-DE-LA-VIDA.jpg?resize=1024%2C1024 1024w\" sizes=\"(max-width: 1200px) 100vw, 1200px\" \/><\/p>\n<p style=\"text-align: right;\"><a href=\"https:\/\/www.miplatafina.es\/es\/san-valentin\/229-colgante-arbol-de-la-vida-enamorados.html\"><em>Personaliza el Colgante \u00e1rbol de la Vida.<\/em><\/a><\/p>\n<h2 style=\"text-align: justify;\"><strong>COLGANTE MEDALLA<\/strong><\/h2>\n<p style=\"text-align: justify;\">La uni\u00f3n perfecta entre una selecta <strong>cadena rolo y una fina medalla<\/strong> de 18 mm donde tus sentimientos cobrar\u00e1n mucho protagonismo. Puedes elegir entre <strong>Plata de Ley y Ba\u00f1o de Oro de 18 kilates.<\/strong><\/p>\n<p style=\"text-align: justify;\"><img data-recalc-dims=\"1\" loading=\"lazy\" decoding=\"async\" data-attachment-id=\"1002\" data-permalink=\"http:\/\/miplatafina.es\/blog\/san-valentin-guia-de-regalos-personalizados\/colgante-medalla\/\" data-orig-file=\"https:\/\/i0.wp.com\/miplatafina.es\/blog\/wp-content\/uploads\/2019\/01\/COLGANTE-MEDALLA.jpg?fit=1417%2C1418\" data-orig-size=\"1417,1418\" data-comments-opened=\"1\" data-image-meta=\"{&quot;aperture&quot;:&quot;0&quot;,&quot;credit&quot;:&quot;usuario&quot;,&quot;camera&quot;:&quot;&quot;,&quot;caption&quot;:&quot;&quot;,&quot;created_timestamp&quot;:&quot;1548066766&quot;,&quot;copyright&quot;:&quot;&quot;,&quot;focal_length&quot;:&quot;0&quot;,&quot;iso&quot;:&quot;0&quot;,&quot;shutter_speed&quot;:&quot;0&quot;,&quot;title&quot;:&quot;&quot;,&quot;orientation&quot;:&quot;0&quot;}\" data-image-title=\"COLGANTE MEDALLA\" data-image-description=\"\" data-image-caption=\"\" data-medium-file=\"https:\/\/i0.wp.com\/miplatafina.es\/blog\/wp-content\/uploads\/2019\/01\/COLGANTE-MEDALLA.jpg?fit=300%2C300\" data-large-file=\"https:\/\/i0.wp.com\/miplatafina.es\/blog\/wp-content\/uploads\/2019\/01\/COLGANTE-MEDALLA.jpg?fit=1024%2C1024\" class=\"alignnone size-full wp-image-1002\" src=\"https:\/\/i0.wp.com\/miplatafina.es\/blog\/wp-content\/uploads\/2019\/01\/COLGANTE-MEDALLA.jpg?resize=1200%2C1201&#038;ssl=1\" alt=\"COLGANTE MEDALLA\" width=\"1200\" height=\"1201\" srcset=\"https:\/\/i0.wp.com\/miplatafina.es\/blog\/wp-content\/uploads\/2019\/01\/COLGANTE-MEDALLA.jpg?w=1417 1417w, https:\/\/i0.wp.com\/miplatafina.es\/blog\/wp-content\/uploads\/2019\/01\/COLGANTE-MEDALLA.jpg?resize=150%2C150 150w, https:\/\/i0.wp.com\/miplatafina.es\/blog\/wp-content\/uploads\/2019\/01\/COLGANTE-MEDALLA.jpg?resize=300%2C300 300w, https:\/\/i0.wp.com\/miplatafina.es\/blog\/wp-content\/uploads\/2019\/01\/COLGANTE-MEDALLA.jpg?resize=768%2C769 768w, https:\/\/i0.wp.com\/miplatafina.es\/blog\/wp-content\/uploads\/2019\/01\/COLGANTE-MEDALLA.jpg?resize=1024%2C1024 1024w\" sizes=\"(max-width: 1200px) 100vw, 1200px\" \/><\/p>\n<p style=\"text-align: right;\"><a href=\"https:\/\/www.miplatafina.es\/es\/san-valentin\/547-colgante-medalla-enamorados.html\"><em>Personaliza el Colgante Medalla.<\/em><\/a><\/p>\n<h2 style=\"text-align: justify;\">COLGANTE MIA<\/h2>\n<p style=\"text-align: justify;\">Una de las <strong>novedades<\/strong> de la temporada. El <strong>Colgante Mia<\/strong> est\u00e1 lleno de personalidad y tiene la posibilidad de grabar sus cuatro caras. Al igual que los anteriores, tambi\u00e9n est\u00e1 disponible en <strong>Plata de Ley y Ba\u00f1o de Oro de 18 kilates.<\/strong><\/p>\n<p style=\"text-align: justify;\"><img data-recalc-dims=\"1\" loading=\"lazy\" decoding=\"async\" data-attachment-id=\"1003\" data-permalink=\"http:\/\/miplatafina.es\/blog\/san-valentin-guia-de-regalos-personalizados\/colgante-mia-2\/\" data-orig-file=\"https:\/\/i0.wp.com\/miplatafina.es\/blog\/wp-content\/uploads\/2019\/01\/COLGANTE-MIA.jpg?fit=1418%2C1417\" data-orig-size=\"1418,1417\" data-comments-opened=\"1\" data-image-meta=\"{&quot;aperture&quot;:&quot;0&quot;,&quot;credit&quot;:&quot;usuario&quot;,&quot;camera&quot;:&quot;&quot;,&quot;caption&quot;:&quot;&quot;,&quot;created_timestamp&quot;:&quot;1548066751&quot;,&quot;copyright&quot;:&quot;&quot;,&quot;focal_length&quot;:&quot;0&quot;,&quot;iso&quot;:&quot;0&quot;,&quot;shutter_speed&quot;:&quot;0&quot;,&quot;title&quot;:&quot;&quot;,&quot;orientation&quot;:&quot;0&quot;}\" data-image-title=\"COLGANTE MIA\" data-image-description=\"\" data-image-caption=\"\" data-medium-file=\"https:\/\/i0.wp.com\/miplatafina.es\/blog\/wp-content\/uploads\/2019\/01\/COLGANTE-MIA.jpg?fit=300%2C300\" data-large-file=\"https:\/\/i0.wp.com\/miplatafina.es\/blog\/wp-content\/uploads\/2019\/01\/COLGANTE-MIA.jpg?fit=1024%2C1024\" class=\"alignnone size-full wp-image-1003\" src=\"https:\/\/i0.wp.com\/miplatafina.es\/blog\/wp-content\/uploads\/2019\/01\/COLGANTE-MIA.jpg?resize=1200%2C1199&#038;ssl=1\" alt=\"COLGANTE MIA\" width=\"1200\" height=\"1199\" srcset=\"https:\/\/i0.wp.com\/miplatafina.es\/blog\/wp-content\/uploads\/2019\/01\/COLGANTE-MIA.jpg?w=1418 1418w, https:\/\/i0.wp.com\/miplatafina.es\/blog\/wp-content\/uploads\/2019\/01\/COLGANTE-MIA.jpg?resize=150%2C150 150w, https:\/\/i0.wp.com\/miplatafina.es\/blog\/wp-content\/uploads\/2019\/01\/COLGANTE-MIA.jpg?resize=300%2C300 300w, https:\/\/i0.wp.com\/miplatafina.es\/blog\/wp-content\/uploads\/2019\/01\/COLGANTE-MIA.jpg?resize=768%2C767 768w, https:\/\/i0.wp.com\/miplatafina.es\/blog\/wp-content\/uploads\/2019\/01\/COLGANTE-MIA.jpg?resize=1024%2C1024 1024w\" sizes=\"(max-width: 1200px) 100vw, 1200px\" \/><\/p>\n<p style=\"text-align: right;\"><a href=\"https:\/\/www.miplatafina.es\/es\/san-valentin\/557-colgante-mia-enamorados-0000000000554.html\"><em>Personaliza el Colgante MIA.<\/em><\/a><\/p>\n<h2 style=\"text-align: justify;\">PULSERA AUDREY<\/h2>\n<p style=\"text-align: justify;\">Esta pulsera <strong>es uno de los cl\u00e1sicos<\/strong> favoritos de nuestra colecci\u00f3n, ya que irradia elegancia y sofisticaci\u00f3n por ella misma, sin perder el toque m\u00e1s personal gracias a la posibilidad de personalizar su coraz\u00f3n de <strong>plata de ley<\/strong>, al igual que todo el conjunto.<img data-recalc-dims=\"1\" loading=\"lazy\" decoding=\"async\" data-attachment-id=\"1004\" data-permalink=\"http:\/\/miplatafina.es\/blog\/san-valentin-guia-de-regalos-personalizados\/pulsera-audrey\/\" data-orig-file=\"https:\/\/i0.wp.com\/miplatafina.es\/blog\/wp-content\/uploads\/2019\/01\/PULSERA-AUDREY.jpg?fit=1419%2C1418\" data-orig-size=\"1419,1418\" data-comments-opened=\"1\" data-image-meta=\"{&quot;aperture&quot;:&quot;0&quot;,&quot;credit&quot;:&quot;usuario&quot;,&quot;camera&quot;:&quot;&quot;,&quot;caption&quot;:&quot;&quot;,&quot;created_timestamp&quot;:&quot;1548068205&quot;,&quot;copyright&quot;:&quot;&quot;,&quot;focal_length&quot;:&quot;0&quot;,&quot;iso&quot;:&quot;0&quot;,&quot;shutter_speed&quot;:&quot;0&quot;,&quot;title&quot;:&quot;&quot;,&quot;orientation&quot;:&quot;0&quot;}\" data-image-title=\"PULSERA AUDREY\" data-image-description=\"\" data-image-caption=\"\" data-medium-file=\"https:\/\/i0.wp.com\/miplatafina.es\/blog\/wp-content\/uploads\/2019\/01\/PULSERA-AUDREY.jpg?fit=300%2C300\" data-large-file=\"https:\/\/i0.wp.com\/miplatafina.es\/blog\/wp-content\/uploads\/2019\/01\/PULSERA-AUDREY.jpg?fit=1024%2C1024\" class=\"alignnone size-full wp-image-1004\" src=\"https:\/\/i0.wp.com\/miplatafina.es\/blog\/wp-content\/uploads\/2019\/01\/PULSERA-AUDREY.jpg?resize=1200%2C1199&#038;ssl=1\" alt=\"PULSERA AUDREY\" width=\"1200\" height=\"1199\" srcset=\"https:\/\/i0.wp.com\/miplatafina.es\/blog\/wp-content\/uploads\/2019\/01\/PULSERA-AUDREY.jpg?w=1419 1419w, https:\/\/i0.wp.com\/miplatafina.es\/blog\/wp-content\/uploads\/2019\/01\/PULSERA-AUDREY.jpg?resize=150%2C150 150w, https:\/\/i0.wp.com\/miplatafina.es\/blog\/wp-content\/uploads\/2019\/01\/PULSERA-AUDREY.jpg?resize=300%2C300 300w, https:\/\/i0.wp.com\/miplatafina.es\/blog\/wp-content\/uploads\/2019\/01\/PULSERA-AUDREY.jpg?resize=768%2C767 768w, https:\/\/i0.wp.com\/miplatafina.es\/blog\/wp-content\/uploads\/2019\/01\/PULSERA-AUDREY.jpg?resize=1024%2C1024 1024w\" sizes=\"(max-width: 1200px) 100vw, 1200px\" \/><\/p>\n<p style=\"text-align: right;\"><a href=\"https:\/\/www.miplatafina.es\/es\/san-valentin\/235-pulsera-corazon-audrey-enamorados.html\"><em>Personaliza la Pulsera Audrey.<\/em><\/a><\/p>\n<h2 style=\"text-align: justify;\">PULSERA ARO DELUXE<\/h2>\n<p style=\"text-align: justify;\">Una de las <strong>novedades<\/strong> de la nueva colecci\u00f3n. Hemos relanzado una de vuestras pulseras favoritas, l<strong>a Pulsera ARO XL<\/strong>, d\u00e1ndole un toque m\u00e1s desenfadado con el <strong>nuevo cord\u00f3n y a\u00f1adiendo el aro en Ba\u00f1o de Oro de 18 Kilates.<\/strong><\/p>\n<p style=\"text-align: justify;\"><img data-recalc-dims=\"1\" loading=\"lazy\" decoding=\"async\" data-attachment-id=\"1006\" data-permalink=\"http:\/\/miplatafina.es\/blog\/san-valentin-guia-de-regalos-personalizados\/aro-deluxe-sv\/\" data-orig-file=\"https:\/\/i0.wp.com\/miplatafina.es\/blog\/wp-content\/uploads\/2019\/01\/aro-deluxe-sv.jpg?fit=1418%2C1418\" data-orig-size=\"1418,1418\" data-comments-opened=\"1\" data-image-meta=\"{&quot;aperture&quot;:&quot;0&quot;,&quot;credit&quot;:&quot;usuario&quot;,&quot;camera&quot;:&quot;&quot;,&quot;caption&quot;:&quot;&quot;,&quot;created_timestamp&quot;:&quot;1548675292&quot;,&quot;copyright&quot;:&quot;&quot;,&quot;focal_length&quot;:&quot;0&quot;,&quot;iso&quot;:&quot;0&quot;,&quot;shutter_speed&quot;:&quot;0&quot;,&quot;title&quot;:&quot;&quot;,&quot;orientation&quot;:&quot;0&quot;}\" data-image-title=\"aro deluxe sv\" data-image-description=\"\" data-image-caption=\"\" data-medium-file=\"https:\/\/i0.wp.com\/miplatafina.es\/blog\/wp-content\/uploads\/2019\/01\/aro-deluxe-sv.jpg?fit=300%2C300\" data-large-file=\"https:\/\/i0.wp.com\/miplatafina.es\/blog\/wp-content\/uploads\/2019\/01\/aro-deluxe-sv.jpg?fit=1024%2C1024\" class=\"alignnone size-full wp-image-1006\" src=\"https:\/\/i0.wp.com\/miplatafina.es\/blog\/wp-content\/uploads\/2019\/01\/aro-deluxe-sv.jpg?resize=1200%2C1200&#038;ssl=1\" alt=\"aro deluxe sv\" width=\"1200\" height=\"1200\" srcset=\"https:\/\/i0.wp.com\/miplatafina.es\/blog\/wp-content\/uploads\/2019\/01\/aro-deluxe-sv.jpg?w=1418 1418w, https:\/\/i0.wp.com\/miplatafina.es\/blog\/wp-content\/uploads\/2019\/01\/aro-deluxe-sv.jpg?resize=150%2C150 150w, https:\/\/i0.wp.com\/miplatafina.es\/blog\/wp-content\/uploads\/2019\/01\/aro-deluxe-sv.jpg?resize=300%2C300 300w, https:\/\/i0.wp.com\/miplatafina.es\/blog\/wp-content\/uploads\/2019\/01\/aro-deluxe-sv.jpg?resize=768%2C768 768w, https:\/\/i0.wp.com\/miplatafina.es\/blog\/wp-content\/uploads\/2019\/01\/aro-deluxe-sv.jpg?resize=1024%2C1024 1024w\" sizes=\"(max-width: 1200px) 100vw, 1200px\" \/><\/p>\n<p style=\"text-align: right;\"><a href=\"https:\/\/www.miplatafina.es\/es\/san-valentin\/549-pulsera-aro-deluxe-enamorados.html\"><em>Personaliza la Pulsera Aro Deluxe.<\/em><\/a><\/p>\n<h2 style=\"text-align: justify;\"><strong>BRAZALETE CORAZ\u00d3N<\/strong><\/h2>\n<p style=\"text-align: justify;\">Este brazalete es un destalle muy especial con el que seguro que acertar\u00e1s. Compuesto <strong>exclusivamente por Plata de Ley,<\/strong> esta pulsera habla por s\u00ed sola y, haci\u00e9ndola a\u00fan m\u00e1s especial personaliz\u00e1ndola t\u00fa mismo, se convertir\u00e1 en una de sus joyas favoritas.&nbsp;<img data-recalc-dims=\"1\" loading=\"lazy\" decoding=\"async\" data-attachment-id=\"1007\" data-permalink=\"http:\/\/miplatafina.es\/blog\/san-valentin-guia-de-regalos-personalizados\/brazalete-corazon-sv\/\" data-orig-file=\"https:\/\/i0.wp.com\/miplatafina.es\/blog\/wp-content\/uploads\/2019\/01\/brazalete-corazon-sv.jpg?fit=1419%2C1418\" data-orig-size=\"1419,1418\" data-comments-opened=\"1\" data-image-meta=\"{&quot;aperture&quot;:&quot;0&quot;,&quot;credit&quot;:&quot;usuario&quot;,&quot;camera&quot;:&quot;&quot;,&quot;caption&quot;:&quot;&quot;,&quot;created_timestamp&quot;:&quot;1548675280&quot;,&quot;copyright&quot;:&quot;&quot;,&quot;focal_length&quot;:&quot;0&quot;,&quot;iso&quot;:&quot;0&quot;,&quot;shutter_speed&quot;:&quot;0&quot;,&quot;title&quot;:&quot;&quot;,&quot;orientation&quot;:&quot;0&quot;}\" data-image-title=\"brazalete corazon sv\" data-image-description=\"\" data-image-caption=\"\" data-medium-file=\"https:\/\/i0.wp.com\/miplatafina.es\/blog\/wp-content\/uploads\/2019\/01\/brazalete-corazon-sv.jpg?fit=300%2C300\" data-large-file=\"https:\/\/i0.wp.com\/miplatafina.es\/blog\/wp-content\/uploads\/2019\/01\/brazalete-corazon-sv.jpg?fit=1024%2C1024\" class=\"alignnone size-full wp-image-1007\" src=\"https:\/\/i0.wp.com\/miplatafina.es\/blog\/wp-content\/uploads\/2019\/01\/brazalete-corazon-sv.jpg?resize=1200%2C1199&#038;ssl=1\" alt=\"brazalete corazon sv\" width=\"1200\" height=\"1199\" srcset=\"https:\/\/i0.wp.com\/miplatafina.es\/blog\/wp-content\/uploads\/2019\/01\/brazalete-corazon-sv.jpg?w=1419 1419w, https:\/\/i0.wp.com\/miplatafina.es\/blog\/wp-content\/uploads\/2019\/01\/brazalete-corazon-sv.jpg?resize=150%2C150 150w, https:\/\/i0.wp.com\/miplatafina.es\/blog\/wp-content\/uploads\/2019\/01\/brazalete-corazon-sv.jpg?resize=300%2C300 300w, https:\/\/i0.wp.com\/miplatafina.es\/blog\/wp-content\/uploads\/2019\/01\/brazalete-corazon-sv.jpg?resize=768%2C767 768w, https:\/\/i0.wp.com\/miplatafina.es\/blog\/wp-content\/uploads\/2019\/01\/brazalete-corazon-sv.jpg?resize=1024%2C1024 1024w\" sizes=\"(max-width: 1200px) 100vw, 1200px\" \/><\/p>\n<p style=\"text-align: right;\"><a href=\"https:\/\/www.miplatafina.es\/es\/san-valentin\/237-brazalete-corazon-silver-enamorados.html\"><em>Personaliza el Brazalete Coraz\u00f3n Silver.<\/em><\/a><\/p>\n<h2 style=\"text-align: justify;\"><strong>ANILLO INFINITO<\/strong><\/h2>\n<p style=\"text-align: justify;\">Si hay un <strong>anillo<\/strong> que hable de amores eternos, es este. Personaliza con vuestras y iniciales y corrob\u00f3rale que lo vuestro es infinito.<\/p>\n<p style=\"text-align: justify;\"><img data-recalc-dims=\"1\" loading=\"lazy\" decoding=\"async\" data-attachment-id=\"1008\" data-permalink=\"http:\/\/miplatafina.es\/blog\/san-valentin-guia-de-regalos-personalizados\/anillo-infinito-sv\/\" data-orig-file=\"https:\/\/i0.wp.com\/miplatafina.es\/blog\/wp-content\/uploads\/2019\/01\/anillo-infinito-sv.jpg?fit=1417%2C1417\" data-orig-size=\"1417,1417\" data-comments-opened=\"1\" data-image-meta=\"{&quot;aperture&quot;:&quot;0&quot;,&quot;credit&quot;:&quot;usuario&quot;,&quot;camera&quot;:&quot;&quot;,&quot;caption&quot;:&quot;&quot;,&quot;created_timestamp&quot;:&quot;1548675252&quot;,&quot;copyright&quot;:&quot;&quot;,&quot;focal_length&quot;:&quot;0&quot;,&quot;iso&quot;:&quot;0&quot;,&quot;shutter_speed&quot;:&quot;0&quot;,&quot;title&quot;:&quot;&quot;,&quot;orientation&quot;:&quot;0&quot;}\" data-image-title=\"anillo infinito sv\" data-image-description=\"\" data-image-caption=\"\" data-medium-file=\"https:\/\/i0.wp.com\/miplatafina.es\/blog\/wp-content\/uploads\/2019\/01\/anillo-infinito-sv.jpg?fit=300%2C300\" data-large-file=\"https:\/\/i0.wp.com\/miplatafina.es\/blog\/wp-content\/uploads\/2019\/01\/anillo-infinito-sv.jpg?fit=1024%2C1024\" class=\"alignnone size-full wp-image-1008\" src=\"https:\/\/i0.wp.com\/miplatafina.es\/blog\/wp-content\/uploads\/2019\/01\/anillo-infinito-sv.jpg?resize=1200%2C1200&#038;ssl=1\" alt=\"anillo infinito sv\" width=\"1200\" height=\"1200\" srcset=\"https:\/\/i0.wp.com\/miplatafina.es\/blog\/wp-content\/uploads\/2019\/01\/anillo-infinito-sv.jpg?w=1417 1417w, https:\/\/i0.wp.com\/miplatafina.es\/blog\/wp-content\/uploads\/2019\/01\/anillo-infinito-sv.jpg?resize=150%2C150 150w, https:\/\/i0.wp.com\/miplatafina.es\/blog\/wp-content\/uploads\/2019\/01\/anillo-infinito-sv.jpg?resize=300%2C300 300w, https:\/\/i0.wp.com\/miplatafina.es\/blog\/wp-content\/uploads\/2019\/01\/anillo-infinito-sv.jpg?resize=768%2C768 768w, https:\/\/i0.wp.com\/miplatafina.es\/blog\/wp-content\/uploads\/2019\/01\/anillo-infinito-sv.jpg?resize=1024%2C1024 1024w\" sizes=\"(max-width: 1200px) 100vw, 1200px\" \/><\/p>\n<p style=\"text-align: right;\"><em><a href=\"https:\/\/www.miplatafina.es\/es\/san-valentin\/225-anillo-infinito-enamorados.html\">Personaliza el Anillo Infinito.<\/a><\/em><\/p>\n<p style=\"text-align: justify;\">Hasta aqu\u00ed llega nuestra peque\u00f1a <strong>gu\u00eda de regalos para sorprenderla el 14 de Febrero<\/strong>, Por supuesto, te animamos a ir a la <a href=\"https:\/\/www.miplatafina.es\/es\/31-san-valentin\"><strong>colecci\u00f3n de San Valent\u00edn<\/strong> <\/a>de nuestra web, donde descubrir\u00e1s m\u00e1s <strong>joyas personalizables<\/strong>; y a seguirnos en nuestro Instagram, donde encontrar\u00e1s inspiraci\u00f3n para crear <strong>joyas \u00fanicas.<\/strong><\/p>\n<p>Si tienes alguna duda sobre alg\u00fan modelo puedes contactar con nosotros en nuestro email&nbsp;<a href=\"mailto:info@miplatafina.es\">info@miplatafina.es<\/a>&nbsp;o a nuestro tel\u00e9fono 648 012 333.<\/p>\n<p><a href=\"http:\/\/www.miplatafina.es\/\"><b><i>Mi Plata Fina<\/i><\/b><\/a><b><i>, joyas que hablan de ti.<\/i><\/b><\/p>\n","protected":false},"excerpt":{"rendered":"<p>Gu\u00eda de regalos de San Valent\u00edn para ella. Descubre joyas \u00fanicas para personalizar y hacer el regalo m\u00e1s especial a tu novia el 14 de febrero.<\/p>\n","protected":false},"author":1,"featured_media":1009,"comment_status":"open","ping_status":"open","sticky":false,"template":"","format":"standard","meta":{"jetpack_post_was_ever_published":false,"_jetpack_newsletter_access":"","_jetpack_dont_email_post_to_subs":false,"_jetpack_newsletter_tier_id":0,"_jetpack_memberships_contains_paywalled_content":false,"_jetpack_memberships_contains_paid_content":false,"footnotes":"","jetpack_publicize_message":"","jetpack_publicize_feature_enabled":true,"jetpack_social_post_already_shared":true,"jetpack_social_options":{"image_generator_settings":{"template":"highway","enabled":false},"version":2}},"categories":[1],"tags":[108,27,49,7,92,12,13,164,135],"class_list":["post-997","post","type-post","status-publish","format-standard","has-post-thumbnail","hentry","category-joyas-personalizadas-para-cada-ocasion","tag-amor","tag-banada-en-oro","tag-enamorados","tag-joyas","tag-joyas-que-hablan-de-ti","tag-plata-de-ley","tag-regalos","tag-regalos-personalizados","tag-san-valentin"],"jetpack_publicize_connections":[],"yoast_head":"<!-- This site is optimized with the Yoast SEO plugin v25.6 - https:\/\/yoast.com\/wordpress\/plugins\/seo\/ -->\n<title>Regalos Personalizados San Valent\u00edn - Mi Plata Fina<\/title>\n<meta name=\"description\" content=\"\u00bfBuscas Regalo Personalizado y especial para el D\u00eda de los Enamorados? No te pierdas la selecci\u00f3n de Joyas con Grabado y sorprende a tu amor\" \/>\n<meta name=\"robots\" content=\"index, follow, max-snippet:-1, max-image-preview:large, max-video-preview:-1\" \/>\n<link rel=\"canonical\" href=\"http:\/\/miplatafina.es\/blog\/san-valentin-guia-de-regalos-personalizados\/\" \/>\n<meta property=\"og:locale\" content=\"es_ES\" \/>\n<meta property=\"og:type\" content=\"article\" \/>\n<meta property=\"og:title\" content=\"Regalos Personalizados San Valent\u00edn - Mi Plata Fina\" \/>\n<meta property=\"og:description\" content=\"\u00bfBuscas Regalo Personalizado y especial para el D\u00eda de los Enamorados? No te pierdas la selecci\u00f3n de Joyas con Grabado y sorprende a tu amor\" \/>\n<meta property=\"og:url\" content=\"http:\/\/miplatafina.es\/blog\/san-valentin-guia-de-regalos-personalizados\/\" \/>\n<meta property=\"og:site_name\" content=\"Mi plata fina\" \/>\n<meta property=\"article:published_time\" content=\"2019-01-28T12:40:47+00:00\" \/>\n<meta property=\"article:modified_time\" content=\"2019-07-03T14:27:37+00:00\" \/>\n<meta property=\"og:image\" content=\"http:\/\/miplatafina.es\/blog\/wp-content\/uploads\/2019\/01\/becca-tapert-357529-unsplash-1024x683.jpg\" \/>\n\t<meta property=\"og:image:width\" content=\"1024\" \/>\n\t<meta property=\"og:image:height\" content=\"683\" \/>\n\t<meta property=\"og:image:type\" content=\"image\/jpeg\" \/>\n<meta name=\"author\" content=\"admin\" \/>\n<meta name=\"twitter:card\" content=\"summary_large_image\" \/>\n<meta name=\"twitter:label1\" content=\"Escrito por\" \/>\n\t<meta name=\"twitter:data1\" content=\"admin\" \/>\n\t<meta name=\"twitter:label2\" content=\"Tiempo de lectura\" \/>\n\t<meta name=\"twitter:data2\" content=\"3 minutos\" \/>\n<script type=\"application\/ld+json\" class=\"yoast-schema-graph\">{\"@context\":\"https:\/\/schema.org\",\"@graph\":[{\"@type\":\"WebPage\",\"@id\":\"http:\/\/miplatafina.es\/blog\/san-valentin-guia-de-regalos-personalizados\/\",\"url\":\"http:\/\/miplatafina.es\/blog\/san-valentin-guia-de-regalos-personalizados\/\",\"name\":\"Regalos Personalizados San Valent\u00edn - Mi Plata Fina\",\"isPartOf\":{\"@id\":\"http:\/\/miplatafina.es\/blog\/#website\"},\"primaryImageOfPage\":{\"@id\":\"http:\/\/miplatafina.es\/blog\/san-valentin-guia-de-regalos-personalizados\/#primaryimage\"},\"image\":{\"@id\":\"http:\/\/miplatafina.es\/blog\/san-valentin-guia-de-regalos-personalizados\/#primaryimage\"},\"thumbnailUrl\":\"https:\/\/i0.wp.com\/miplatafina.es\/blog\/wp-content\/uploads\/2019\/01\/becca-tapert-357529-unsplash.jpg?fit=4942%2C3295\",\"datePublished\":\"2019-01-28T12:40:47+00:00\",\"dateModified\":\"2019-07-03T14:27:37+00:00\",\"author\":{\"@id\":\"http:\/\/miplatafina.es\/blog\/#\/schema\/person\/cb5cc8d28f4ff371fda7bf98ab6ed0f0\"},\"description\":\"\u00bfBuscas Regalo Personalizado y especial para el D\u00eda de los Enamorados? No te pierdas la selecci\u00f3n de Joyas con Grabado y sorprende a tu amor\",\"breadcrumb\":{\"@id\":\"http:\/\/miplatafina.es\/blog\/san-valentin-guia-de-regalos-personalizados\/#breadcrumb\"},\"inLanguage\":\"es\",\"potentialAction\":[{\"@type\":\"ReadAction\",\"target\":[\"http:\/\/miplatafina.es\/blog\/san-valentin-guia-de-regalos-personalizados\/\"]}]},{\"@type\":\"ImageObject\",\"inLanguage\":\"es\",\"@id\":\"http:\/\/miplatafina.es\/blog\/san-valentin-guia-de-regalos-personalizados\/#primaryimage\",\"url\":\"https:\/\/i0.wp.com\/miplatafina.es\/blog\/wp-content\/uploads\/2019\/01\/becca-tapert-357529-unsplash.jpg?fit=4942%2C3295\",\"contentUrl\":\"https:\/\/i0.wp.com\/miplatafina.es\/blog\/wp-content\/uploads\/2019\/01\/becca-tapert-357529-unsplash.jpg?fit=4942%2C3295\",\"width\":4942,\"height\":3295},{\"@type\":\"BreadcrumbList\",\"@id\":\"http:\/\/miplatafina.es\/blog\/san-valentin-guia-de-regalos-personalizados\/#breadcrumb\",\"itemListElement\":[{\"@type\":\"ListItem\",\"position\":1,\"name\":\"Portada\",\"item\":\"http:\/\/miplatafina.es\/blog\/\"},{\"@type\":\"ListItem\",\"position\":2,\"name\":\"INICIO\",\"item\":\"http:\/\/miplatafina.es\/blog\/category\/inicio\/\"},{\"@type\":\"ListItem\",\"position\":3,\"name\":\"JOYAS PARA CADA OCASI\u00d3N\",\"item\":\"http:\/\/miplatafina.es\/blog\/category\/inicio\/joyas-personalizadas-para-cada-ocasion\/\"},{\"@type\":\"ListItem\",\"position\":4,\"name\":\"SAN VALENT\u00cdN: GU\u00cdA DE REGALOS PARA MUJER.\"}]},{\"@type\":\"WebSite\",\"@id\":\"http:\/\/miplatafina.es\/blog\/#website\",\"url\":\"http:\/\/miplatafina.es\/blog\/\",\"name\":\"Mi plata fina\",\"description\":\"Joyas que hablan de ti\",\"potentialAction\":[{\"@type\":\"SearchAction\",\"target\":{\"@type\":\"EntryPoint\",\"urlTemplate\":\"http:\/\/miplatafina.es\/blog\/?s={search_term_string}\"},\"query-input\":{\"@type\":\"PropertyValueSpecification\",\"valueRequired\":true,\"valueName\":\"search_term_string\"}}],\"inLanguage\":\"es\"},{\"@type\":\"Person\",\"@id\":\"http:\/\/miplatafina.es\/blog\/#\/schema\/person\/cb5cc8d28f4ff371fda7bf98ab6ed0f0\",\"name\":\"admin\",\"image\":{\"@type\":\"ImageObject\",\"inLanguage\":\"es\",\"@id\":\"http:\/\/miplatafina.es\/blog\/#\/schema\/person\/image\/\",\"url\":\"http:\/\/1.gravatar.com\/avatar\/a240cb535b85bdc63241906cd2769adf?s=96&d=mm&r=g\",\"contentUrl\":\"http:\/\/1.gravatar.com\/avatar\/a240cb535b85bdc63241906cd2769adf?s=96&d=mm&r=g\",\"caption\":\"admin\"},\"url\":\"http:\/\/miplatafina.es\/blog\/author\/admin\/\"}]}<\/script>\n<!-- \/ Yoast SEO plugin. -->","yoast_head_json":{"title":"Regalos Personalizados San Valent\u00edn - Mi Plata Fina","description":"\u00bfBuscas Regalo Personalizado y especial para el D\u00eda de los Enamorados? No te pierdas la selecci\u00f3n de Joyas con Grabado y sorprende a tu amor","robots":{"index":"index","follow":"follow","max-snippet":"max-snippet:-1","max-image-preview":"max-image-preview:large","max-video-preview":"max-video-preview:-1"},"canonical":"http:\/\/miplatafina.es\/blog\/san-valentin-guia-de-regalos-personalizados\/","og_locale":"es_ES","og_type":"article","og_title":"Regalos Personalizados San Valent\u00edn - Mi Plata Fina","og_description":"\u00bfBuscas Regalo Personalizado y especial para el D\u00eda de los Enamorados? No te pierdas la selecci\u00f3n de Joyas con Grabado y sorprende a tu amor","og_url":"http:\/\/miplatafina.es\/blog\/san-valentin-guia-de-regalos-personalizados\/","og_site_name":"Mi plata fina","article_published_time":"2019-01-28T12:40:47+00:00","article_modified_time":"2019-07-03T14:27:37+00:00","og_image":[{"width":1024,"height":683,"url":"http:\/\/miplatafina.es\/blog\/wp-content\/uploads\/2019\/01\/becca-tapert-357529-unsplash-1024x683.jpg","type":"image\/jpeg"}],"author":"admin","twitter_card":"summary_large_image","twitter_misc":{"Escrito por":"admin","Tiempo de lectura":"3 minutos"},"schema":{"@context":"https:\/\/schema.org","@graph":[{"@type":"WebPage","@id":"http:\/\/miplatafina.es\/blog\/san-valentin-guia-de-regalos-personalizados\/","url":"http:\/\/miplatafina.es\/blog\/san-valentin-guia-de-regalos-personalizados\/","name":"Regalos Personalizados San Valent\u00edn - Mi Plata Fina","isPartOf":{"@id":"http:\/\/miplatafina.es\/blog\/#website"},"primaryImageOfPage":{"@id":"http:\/\/miplatafina.es\/blog\/san-valentin-guia-de-regalos-personalizados\/#primaryimage"},"image":{"@id":"http:\/\/miplatafina.es\/blog\/san-valentin-guia-de-regalos-personalizados\/#primaryimage"},"thumbnailUrl":"https:\/\/i0.wp.com\/miplatafina.es\/blog\/wp-content\/uploads\/2019\/01\/becca-tapert-357529-unsplash.jpg?fit=4942%2C3295","datePublished":"2019-01-28T12:40:47+00:00","dateModified":"2019-07-03T14:27:37+00:00","author":{"@id":"http:\/\/miplatafina.es\/blog\/#\/schema\/person\/cb5cc8d28f4ff371fda7bf98ab6ed0f0"},"description":"\u00bfBuscas Regalo Personalizado y especial para el D\u00eda de los Enamorados? No te pierdas la selecci\u00f3n de Joyas con Grabado y sorprende a tu amor","breadcrumb":{"@id":"http:\/\/miplatafina.es\/blog\/san-valentin-guia-de-regalos-personalizados\/#breadcrumb"},"inLanguage":"es","potentialAction":[{"@type":"ReadAction","target":["http:\/\/miplatafina.es\/blog\/san-valentin-guia-de-regalos-personalizados\/"]}]},{"@type":"ImageObject","inLanguage":"es","@id":"http:\/\/miplatafina.es\/blog\/san-valentin-guia-de-regalos-personalizados\/#primaryimage","url":"https:\/\/i0.wp.com\/miplatafina.es\/blog\/wp-content\/uploads\/2019\/01\/becca-tapert-357529-unsplash.jpg?fit=4942%2C3295","contentUrl":"https:\/\/i0.wp.com\/miplatafina.es\/blog\/wp-content\/uploads\/2019\/01\/becca-tapert-357529-unsplash.jpg?fit=4942%2C3295","width":4942,"height":3295},{"@type":"BreadcrumbList","@id":"http:\/\/miplatafina.es\/blog\/san-valentin-guia-de-regalos-personalizados\/#breadcrumb","itemListElement":[{"@type":"ListItem","position":1,"name":"Portada","item":"http:\/\/miplatafina.es\/blog\/"},{"@type":"ListItem","position":2,"name":"INICIO","item":"http:\/\/miplatafina.es\/blog\/category\/inicio\/"},{"@type":"ListItem","position":3,"name":"JOYAS PARA CADA OCASI\u00d3N","item":"http:\/\/miplatafina.es\/blog\/category\/inicio\/joyas-personalizadas-para-cada-ocasion\/"},{"@type":"ListItem","position":4,"name":"SAN VALENT\u00cdN: GU\u00cdA DE REGALOS PARA MUJER."}]},{"@type":"WebSite","@id":"http:\/\/miplatafina.es\/blog\/#website","url":"http:\/\/miplatafina.es\/blog\/","name":"Mi plata fina","description":"Joyas que hablan de ti","potentialAction":[{"@type":"SearchAction","target":{"@type":"EntryPoint","urlTemplate":"http:\/\/miplatafina.es\/blog\/?s={search_term_string}"},"query-input":{"@type":"PropertyValueSpecification","valueRequired":true,"valueName":"search_term_string"}}],"inLanguage":"es"},{"@type":"Person","@id":"http:\/\/miplatafina.es\/blog\/#\/schema\/person\/cb5cc8d28f4ff371fda7bf98ab6ed0f0","name":"admin","image":{"@type":"ImageObject","inLanguage":"es","@id":"http:\/\/miplatafina.es\/blog\/#\/schema\/person\/image\/","url":"http:\/\/1.gravatar.com\/avatar\/a240cb535b85bdc63241906cd2769adf?s=96&d=mm&r=g","contentUrl":"http:\/\/1.gravatar.com\/avatar\/a240cb535b85bdc63241906cd2769adf?s=96&d=mm&r=g","caption":"admin"},"url":"http:\/\/miplatafina.es\/blog\/author\/admin\/"}]}},"jetpack_featured_media_url":"https:\/\/i0.wp.com\/miplatafina.es\/blog\/wp-content\/uploads\/2019\/01\/becca-tapert-357529-unsplash.jpg?fit=4942%2C3295","jetpack_sharing_enabled":true,"jetpack_shortlink":"https:\/\/wp.me\/p9j6Jz-g5","jetpack_likes_enabled":true,"jetpack-related-posts":[],"_links":{"self":[{"href":"http:\/\/miplatafina.es\/blog\/wp-json\/wp\/v2\/posts\/997"}],"collection":[{"href":"http:\/\/miplatafina.es\/blog\/wp-json\/wp\/v2\/posts"}],"about":[{"href":"http:\/\/miplatafina.es\/blog\/wp-json\/wp\/v2\/types\/post"}],"author":[{"embeddable":true,"href":"http:\/\/miplatafina.es\/blog\/wp-json\/wp\/v2\/users\/1"}],"replies":[{"embeddable":true,"href":"http:\/\/miplatafina.es\/blog\/wp-json\/wp\/v2\/comments?post=997"}],"version-history":[{"count":5,"href":"http:\/\/miplatafina.es\/blog\/wp-json\/wp\/v2\/posts\/997\/revisions"}],"predecessor-version":[{"id":1178,"href":"http:\/\/miplatafina.es\/blog\/wp-json\/wp\/v2\/posts\/997\/revisions\/1178"}],"wp:featuredmedia":[{"embeddable":true,"href":"http:\/\/miplatafina.es\/blog\/wp-json\/wp\/v2\/media\/1009"}],"wp:attachment":[{"href":"http:\/\/miplatafina.es\/blog\/wp-json\/wp\/v2\/media?parent=997"}],"wp:term":[{"taxonomy":"category","embeddable":true,"href":"http:\/\/miplatafina.es\/blog\/wp-json\/wp\/v2\/categories?post=997"},{"taxonomy":"post_tag","embeddable":true,"href":"http:\/\/miplatafina.es\/blog\/wp-json\/wp\/v2\/tags?post=997"}],"curies":[{"name":"wp","href":"https:\/\/api.w.org\/{rel}","templated":true}]}}