{"id":300,"date":"2017-10-19T09:26:22","date_gmt":"2017-10-19T09:26:22","guid":{"rendered":"http:\/\/miplatafina.es\/blog\/?p=300"},"modified":"2019-07-03T15:09:31","modified_gmt":"2019-07-03T15:09:31","slug":"dia-mundial-contra-el-cancer-de-mama","status":"publish","type":"post","link":"https:\/\/miplatafina.es\/blog\/dia-mundial-contra-el-cancer-de-mama\/","title":{"rendered":"D\u00cdA MUNDIAL CONTRA EL C\u00c1NCER DE MAMA"},"content":{"rendered":"<p><a href=\"https:\/\/i0.wp.com\/miplatafina.es\/blog\/wp-content\/uploads\/2017\/10\/OVAL-CHLOE-CANCER-MAMA.jpg\" rel=\"attachment wp-att-301\"><img data-recalc-dims=\"1\" loading=\"lazy\" decoding=\"async\" data-attachment-id=\"301\" data-permalink=\"https:\/\/miplatafina.es\/blog\/dia-mundial-contra-el-cancer-de-mama\/oval-chloe-cancer-mama\/\" data-orig-file=\"https:\/\/i0.wp.com\/miplatafina.es\/blog\/wp-content\/uploads\/2017\/10\/OVAL-CHLOE-CANCER-MAMA.jpg?fit=1181%2C1181&amp;ssl=1\" data-orig-size=\"1181,1181\" data-comments-opened=\"1\" data-image-meta=\"{&quot;aperture&quot;:&quot;0&quot;,&quot;credit&quot;:&quot;LASER2&quot;,&quot;camera&quot;:&quot;&quot;,&quot;caption&quot;:&quot;&quot;,&quot;created_timestamp&quot;:&quot;1508409457&quot;,&quot;copyright&quot;:&quot;&quot;,&quot;focal_length&quot;:&quot;0&quot;,&quot;iso&quot;:&quot;0&quot;,&quot;shutter_speed&quot;:&quot;0&quot;,&quot;title&quot;:&quot;&quot;,&quot;orientation&quot;:&quot;0&quot;}\" data-image-title=\"OVAL CHLOE CANCER MAMA\" data-image-description=\"\" data-image-caption=\"\" data-medium-file=\"https:\/\/i0.wp.com\/miplatafina.es\/blog\/wp-content\/uploads\/2017\/10\/OVAL-CHLOE-CANCER-MAMA.jpg?fit=300%2C300&amp;ssl=1\" data-large-file=\"https:\/\/i0.wp.com\/miplatafina.es\/blog\/wp-content\/uploads\/2017\/10\/OVAL-CHLOE-CANCER-MAMA.jpg?fit=1024%2C1024&amp;ssl=1\" class=\"size-medium wp-image-301 aligncenter\" src=\"https:\/\/i0.wp.com\/miplatafina.es\/blog\/wp-content\/uploads\/2017\/10\/OVAL-CHLOE-CANCER-MAMA.jpg?resize=300%2C300\" alt=\"OVAL CHLOE CANCER MAMA\" width=\"300\" height=\"300\" srcset=\"https:\/\/i0.wp.com\/miplatafina.es\/blog\/wp-content\/uploads\/2017\/10\/OVAL-CHLOE-CANCER-MAMA.jpg?resize=300%2C300&amp;ssl=1 300w, https:\/\/i0.wp.com\/miplatafina.es\/blog\/wp-content\/uploads\/2017\/10\/OVAL-CHLOE-CANCER-MAMA.jpg?resize=150%2C150&amp;ssl=1 150w, https:\/\/i0.wp.com\/miplatafina.es\/blog\/wp-content\/uploads\/2017\/10\/OVAL-CHLOE-CANCER-MAMA.jpg?resize=768%2C768&amp;ssl=1 768w, https:\/\/i0.wp.com\/miplatafina.es\/blog\/wp-content\/uploads\/2017\/10\/OVAL-CHLOE-CANCER-MAMA.jpg?resize=1024%2C1024&amp;ssl=1 1024w, https:\/\/i0.wp.com\/miplatafina.es\/blog\/wp-content\/uploads\/2017\/10\/OVAL-CHLOE-CANCER-MAMA.jpg?w=1181&amp;ssl=1 1181w\" sizes=\"(max-width: 300px) 100vw, 300px\" \/><\/a><\/p>\n<h4 style=\"text-align: center;\"><span style=\"color: #ff99cc;\">D\u00eda Mundial contra el\u00a0C\u00e1ncer de Mama<\/span><\/h4>\n<p>En Mi Plata Fina queremos solidarizarnos en\u00a0la lucha contra el c\u00e1ncer de mama y dedicar este post a proporcionar informaci\u00f3n sobre dicha enfermedad, los factores que incrementan el riesgo de padecerlo y c\u00f3mo podemos ayudar a prevenirlo.<\/p>\n<h3><span style=\"color: #ff99cc;\">Factores\u00a0de riesgo que lo provocan<\/span><\/h3>\n<h4><span style=\"color: #ff99cc;\">Causas hormonales<\/span><\/h4>\n<ul>\n<li>Tener la menstruaci\u00f3n\u00a0a temprana edad o una menopausia tard\u00eda<\/li>\n<li>No tener hijos, ya que el periodo de embarazo y lactancia materna act\u00faa como protecci\u00f3n contra el c\u00e1ncer de mama<\/li>\n<li>Haber estado sometida a tratamientos hormonales altos y prolongados<\/li>\n<\/ul>\n<h4><span style=\"color: #ff99cc;\">Causas ambientales<\/span><\/h4>\n<ul>\n<li>Se incrementa en poblaciones m\u00e1s industrializadas y, por lo tanto, con un \u00edndice de poluci\u00f3n ambiental\u00a0mayor<\/li>\n<\/ul>\n<h3><\/h3>\n<h3><span style=\"color: #ff99cc;\">Consejos de estilo de vida que ayudan\u00a0a la prevenci\u00f3n del C\u00e1ncer de Mama<\/span><\/h3>\n<ul>\n<li>Se deben\u00a0evitar\u00a0h\u00e1bitos como el consumo de<strong> alcohol y tabaco<\/strong><\/li>\n<li>Mantener una <strong>dieta saludable<\/strong>, evitando grasas e incrementando el consumo de alimentos saludables como\u00a0fruta, verdura, con alto contenido en fibra, etc<\/li>\n<li>Llevar una vida sedentaria aumenta el riesgo. Por ello el <strong>deporte<\/strong> y mantener una <strong>vida activa<\/strong> es muy beneficioso, disminuyendo las posibilidades de contraer dicha enfermedad hasta en un 50%<\/li>\n<\/ul>\n<p>&nbsp;<\/p>\n<h4 style=\"text-align: center;\"><span style=\"color: #000000;\">\u00a1Estamos unidos contra el C\u00e1ncer de Mama!<\/span><\/h4>\n<p>&nbsp;<\/p>\n<p>&nbsp;<\/p>\n<p>&nbsp;<\/p>\n<p>&nbsp;<\/p>\n","protected":false},"excerpt":{"rendered":"<p>D\u00eda Mundial contra el\u00a0C\u00e1ncer de Mama En Mi Plata Fina queremos solidarizarnos en\u00a0la lucha contra el c\u00e1ncer de mama y dedicar este post a proporcionar informaci\u00f3n sobre dicha enfermedad, los factores que incrementan el riesgo de padecerlo y c\u00f3mo podemos ayudar a prevenirlo. Factores\u00a0de riesgo&nbsp;<a class=\"read-more\" href=\"https:\/\/miplatafina.es\/blog\/dia-mundial-contra-el-cancer-de-mama\/\">&hellip;<\/a><\/p>\n","protected":false},"author":1,"featured_media":301,"comment_status":"open","ping_status":"open","sticky":false,"template":"","format":"standard","meta":{"jetpack_post_was_ever_published":false,"_jetpack_newsletter_access":"","_jetpack_dont_email_post_to_subs":false,"_jetpack_newsletter_tier_id":0,"_jetpack_memberships_contains_paywalled_content":false,"_jetpack_memberships_contains_paid_content":false,"footnotes":"","jetpack_publicize_message":"","jetpack_publicize_feature_enabled":true,"jetpack_social_post_already_shared":false,"jetpack_social_options":{"image_generator_settings":{"template":"highway","enabled":false},"version":2}},"categories":[55],"tags":[113,112,93,92,110,12,97],"class_list":["post-300","post","type-post","status-publish","format-standard","has-post-thumbnail","hentry","category-lifestyle","tag-caner-de-mama","tag-dia-mundial","tag-joyas-personalizadas","tag-joyas-que-hablan-de-ti","tag-mi-plata-fina","tag-plata-de-ley","tag-tienda-online"],"jetpack_publicize_connections":[],"yoast_head":"<!-- This site is optimized with the Yoast SEO plugin v25.6 - https:\/\/yoast.com\/wordpress\/plugins\/seo\/ -->\n<title>D\u00cdA MUNDIAL CONTRA EL C\u00c1NCER DE MAMA - Mi plata fina<\/title>\n<meta name=\"robots\" content=\"index, follow, max-snippet:-1, max-image-preview:large, max-video-preview:-1\" \/>\n<link rel=\"canonical\" href=\"http:\/\/miplatafina.es\/blog\/dia-mundial-contra-el-cancer-de-mama\/\" \/>\n<meta property=\"og:locale\" content=\"es_ES\" \/>\n<meta property=\"og:type\" content=\"article\" \/>\n<meta property=\"og:title\" content=\"D\u00cdA MUNDIAL CONTRA EL C\u00c1NCER DE MAMA - Mi plata fina\" \/>\n<meta property=\"og:description\" content=\"D\u00eda Mundial contra el\u00a0C\u00e1ncer de Mama En Mi Plata Fina queremos solidarizarnos en\u00a0la lucha contra el c\u00e1ncer de mama y dedicar este post a proporcionar informaci\u00f3n sobre dicha enfermedad, los factores que incrementan el riesgo de padecerlo y c\u00f3mo podemos ayudar a prevenirlo. Factores\u00a0de riesgo&nbsp;&hellip;\" \/>\n<meta property=\"og:url\" content=\"http:\/\/miplatafina.es\/blog\/dia-mundial-contra-el-cancer-de-mama\/\" \/>\n<meta property=\"og:site_name\" content=\"Mi plata fina\" \/>\n<meta property=\"article:published_time\" content=\"2017-10-19T09:26:22+00:00\" \/>\n<meta property=\"article:modified_time\" content=\"2019-07-03T15:09:31+00:00\" \/>\n<meta property=\"og:image\" content=\"https:\/\/i0.wp.com\/miplatafina.es\/blog\/wp-content\/uploads\/2017\/10\/OVAL-CHLOE-CANCER-MAMA.jpg?fit=1181%2C1181\" \/>\n\t<meta property=\"og:image:width\" content=\"1181\" \/>\n\t<meta property=\"og:image:height\" content=\"1181\" \/>\n\t<meta property=\"og:image:type\" content=\"image\/jpeg\" \/>\n<meta name=\"author\" content=\"admin\" \/>\n<meta name=\"twitter:card\" content=\"summary_large_image\" \/>\n<meta name=\"twitter:label1\" content=\"Escrito por\" \/>\n\t<meta name=\"twitter:data1\" content=\"admin\" \/>\n\t<meta name=\"twitter:label2\" content=\"Tiempo de lectura\" \/>\n\t<meta name=\"twitter:data2\" content=\"1 minuto\" \/>\n<script type=\"application\/ld+json\" class=\"yoast-schema-graph\">{\"@context\":\"https:\/\/schema.org\",\"@graph\":[{\"@type\":\"WebPage\",\"@id\":\"http:\/\/miplatafina.es\/blog\/dia-mundial-contra-el-cancer-de-mama\/\",\"url\":\"http:\/\/miplatafina.es\/blog\/dia-mundial-contra-el-cancer-de-mama\/\",\"name\":\"D\u00cdA MUNDIAL CONTRA EL C\u00c1NCER DE MAMA - Mi plata fina\",\"isPartOf\":{\"@id\":\"http:\/\/miplatafina.es\/blog\/#website\"},\"primaryImageOfPage\":{\"@id\":\"http:\/\/miplatafina.es\/blog\/dia-mundial-contra-el-cancer-de-mama\/#primaryimage\"},\"image\":{\"@id\":\"http:\/\/miplatafina.es\/blog\/dia-mundial-contra-el-cancer-de-mama\/#primaryimage\"},\"thumbnailUrl\":\"https:\/\/i0.wp.com\/miplatafina.es\/blog\/wp-content\/uploads\/2017\/10\/OVAL-CHLOE-CANCER-MAMA.jpg?fit=1181%2C1181&ssl=1\",\"datePublished\":\"2017-10-19T09:26:22+00:00\",\"dateModified\":\"2019-07-03T15:09:31+00:00\",\"author\":{\"@id\":\"http:\/\/miplatafina.es\/blog\/#\/schema\/person\/cb5cc8d28f4ff371fda7bf98ab6ed0f0\"},\"breadcrumb\":{\"@id\":\"http:\/\/miplatafina.es\/blog\/dia-mundial-contra-el-cancer-de-mama\/#breadcrumb\"},\"inLanguage\":\"es\",\"potentialAction\":[{\"@type\":\"ReadAction\",\"target\":[\"http:\/\/miplatafina.es\/blog\/dia-mundial-contra-el-cancer-de-mama\/\"]}]},{\"@type\":\"ImageObject\",\"inLanguage\":\"es\",\"@id\":\"http:\/\/miplatafina.es\/blog\/dia-mundial-contra-el-cancer-de-mama\/#primaryimage\",\"url\":\"https:\/\/i0.wp.com\/miplatafina.es\/blog\/wp-content\/uploads\/2017\/10\/OVAL-CHLOE-CANCER-MAMA.jpg?fit=1181%2C1181&ssl=1\",\"contentUrl\":\"https:\/\/i0.wp.com\/miplatafina.es\/blog\/wp-content\/uploads\/2017\/10\/OVAL-CHLOE-CANCER-MAMA.jpg?fit=1181%2C1181&ssl=1\",\"width\":1181,\"height\":1181},{\"@type\":\"BreadcrumbList\",\"@id\":\"http:\/\/miplatafina.es\/blog\/dia-mundial-contra-el-cancer-de-mama\/#breadcrumb\",\"itemListElement\":[{\"@type\":\"ListItem\",\"position\":1,\"name\":\"Portada\",\"item\":\"http:\/\/miplatafina.es\/blog\/\"},{\"@type\":\"ListItem\",\"position\":2,\"name\":\"INICIO\",\"item\":\"http:\/\/miplatafina.es\/blog\/category\/inicio\/\"},{\"@type\":\"ListItem\",\"position\":3,\"name\":\"INSPIRACI\u00d3N\",\"item\":\"https:\/\/miplatafina.es\/blog\/category\/inicio\/lifestyle\/\"},{\"@type\":\"ListItem\",\"position\":4,\"name\":\"D\u00cdA MUNDIAL CONTRA EL C\u00c1NCER DE MAMA\"}]},{\"@type\":\"WebSite\",\"@id\":\"http:\/\/miplatafina.es\/blog\/#website\",\"url\":\"http:\/\/miplatafina.es\/blog\/\",\"name\":\"Mi plata fina\",\"description\":\"Joyas que hablan de ti\",\"potentialAction\":[{\"@type\":\"SearchAction\",\"target\":{\"@type\":\"EntryPoint\",\"urlTemplate\":\"http:\/\/miplatafina.es\/blog\/?s={search_term_string}\"},\"query-input\":{\"@type\":\"PropertyValueSpecification\",\"valueRequired\":true,\"valueName\":\"search_term_string\"}}],\"inLanguage\":\"es\"},{\"@type\":\"Person\",\"@id\":\"http:\/\/miplatafina.es\/blog\/#\/schema\/person\/cb5cc8d28f4ff371fda7bf98ab6ed0f0\",\"name\":\"admin\",\"image\":{\"@type\":\"ImageObject\",\"inLanguage\":\"es\",\"@id\":\"http:\/\/miplatafina.es\/blog\/#\/schema\/person\/image\/\",\"url\":\"https:\/\/secure.gravatar.com\/avatar\/a240cb535b85bdc63241906cd2769adf?s=96&d=mm&r=g\",\"contentUrl\":\"https:\/\/secure.gravatar.com\/avatar\/a240cb535b85bdc63241906cd2769adf?s=96&d=mm&r=g\",\"caption\":\"admin\"},\"url\":\"https:\/\/miplatafina.es\/blog\/author\/admin\/\"}]}<\/script>\n<!-- \/ Yoast SEO plugin. -->","yoast_head_json":{"title":"D\u00cdA MUNDIAL CONTRA EL C\u00c1NCER DE MAMA - Mi plata fina","robots":{"index":"index","follow":"follow","max-snippet":"max-snippet:-1","max-image-preview":"max-image-preview:large","max-video-preview":"max-video-preview:-1"},"canonical":"http:\/\/miplatafina.es\/blog\/dia-mundial-contra-el-cancer-de-mama\/","og_locale":"es_ES","og_type":"article","og_title":"D\u00cdA MUNDIAL CONTRA EL C\u00c1NCER DE MAMA - Mi plata fina","og_description":"D\u00eda Mundial contra el\u00a0C\u00e1ncer de Mama En Mi Plata Fina queremos solidarizarnos en\u00a0la lucha contra el c\u00e1ncer de mama y dedicar este post a proporcionar informaci\u00f3n sobre dicha enfermedad, los factores que incrementan el riesgo de padecerlo y c\u00f3mo podemos ayudar a prevenirlo. Factores\u00a0de riesgo&nbsp;&hellip;","og_url":"http:\/\/miplatafina.es\/blog\/dia-mundial-contra-el-cancer-de-mama\/","og_site_name":"Mi plata fina","article_published_time":"2017-10-19T09:26:22+00:00","article_modified_time":"2019-07-03T15:09:31+00:00","og_image":[{"width":1181,"height":1181,"url":"https:\/\/i0.wp.com\/miplatafina.es\/blog\/wp-content\/uploads\/2017\/10\/OVAL-CHLOE-CANCER-MAMA.jpg?fit=1181%2C1181","type":"image\/jpeg"}],"author":"admin","twitter_card":"summary_large_image","twitter_misc":{"Escrito por":"admin","Tiempo de lectura":"1 minuto"},"schema":{"@context":"https:\/\/schema.org","@graph":[{"@type":"WebPage","@id":"http:\/\/miplatafina.es\/blog\/dia-mundial-contra-el-cancer-de-mama\/","url":"http:\/\/miplatafina.es\/blog\/dia-mundial-contra-el-cancer-de-mama\/","name":"D\u00cdA MUNDIAL CONTRA EL C\u00c1NCER DE MAMA - Mi plata fina","isPartOf":{"@id":"http:\/\/miplatafina.es\/blog\/#website"},"primaryImageOfPage":{"@id":"http:\/\/miplatafina.es\/blog\/dia-mundial-contra-el-cancer-de-mama\/#primaryimage"},"image":{"@id":"http:\/\/miplatafina.es\/blog\/dia-mundial-contra-el-cancer-de-mama\/#primaryimage"},"thumbnailUrl":"https:\/\/i0.wp.com\/miplatafina.es\/blog\/wp-content\/uploads\/2017\/10\/OVAL-CHLOE-CANCER-MAMA.jpg?fit=1181%2C1181&ssl=1","datePublished":"2017-10-19T09:26:22+00:00","dateModified":"2019-07-03T15:09:31+00:00","author":{"@id":"http:\/\/miplatafina.es\/blog\/#\/schema\/person\/cb5cc8d28f4ff371fda7bf98ab6ed0f0"},"breadcrumb":{"@id":"http:\/\/miplatafina.es\/blog\/dia-mundial-contra-el-cancer-de-mama\/#breadcrumb"},"inLanguage":"es","potentialAction":[{"@type":"ReadAction","target":["http:\/\/miplatafina.es\/blog\/dia-mundial-contra-el-cancer-de-mama\/"]}]},{"@type":"ImageObject","inLanguage":"es","@id":"http:\/\/miplatafina.es\/blog\/dia-mundial-contra-el-cancer-de-mama\/#primaryimage","url":"https:\/\/i0.wp.com\/miplatafina.es\/blog\/wp-content\/uploads\/2017\/10\/OVAL-CHLOE-CANCER-MAMA.jpg?fit=1181%2C1181&ssl=1","contentUrl":"https:\/\/i0.wp.com\/miplatafina.es\/blog\/wp-content\/uploads\/2017\/10\/OVAL-CHLOE-CANCER-MAMA.jpg?fit=1181%2C1181&ssl=1","width":1181,"height":1181},{"@type":"BreadcrumbList","@id":"http:\/\/miplatafina.es\/blog\/dia-mundial-contra-el-cancer-de-mama\/#breadcrumb","itemListElement":[{"@type":"ListItem","position":1,"name":"Portada","item":"http:\/\/miplatafina.es\/blog\/"},{"@type":"ListItem","position":2,"name":"INICIO","item":"http:\/\/miplatafina.es\/blog\/category\/inicio\/"},{"@type":"ListItem","position":3,"name":"INSPIRACI\u00d3N","item":"https:\/\/miplatafina.es\/blog\/category\/inicio\/lifestyle\/"},{"@type":"ListItem","position":4,"name":"D\u00cdA MUNDIAL CONTRA EL C\u00c1NCER DE MAMA"}]},{"@type":"WebSite","@id":"http:\/\/miplatafina.es\/blog\/#website","url":"http:\/\/miplatafina.es\/blog\/","name":"Mi plata fina","description":"Joyas que hablan de ti","potentialAction":[{"@type":"SearchAction","target":{"@type":"EntryPoint","urlTemplate":"http:\/\/miplatafina.es\/blog\/?s={search_term_string}"},"query-input":{"@type":"PropertyValueSpecification","valueRequired":true,"valueName":"search_term_string"}}],"inLanguage":"es"},{"@type":"Person","@id":"http:\/\/miplatafina.es\/blog\/#\/schema\/person\/cb5cc8d28f4ff371fda7bf98ab6ed0f0","name":"admin","image":{"@type":"ImageObject","inLanguage":"es","@id":"http:\/\/miplatafina.es\/blog\/#\/schema\/person\/image\/","url":"https:\/\/secure.gravatar.com\/avatar\/a240cb535b85bdc63241906cd2769adf?s=96&d=mm&r=g","contentUrl":"https:\/\/secure.gravatar.com\/avatar\/a240cb535b85bdc63241906cd2769adf?s=96&d=mm&r=g","caption":"admin"},"url":"https:\/\/miplatafina.es\/blog\/author\/admin\/"}]}},"jetpack_featured_media_url":"https:\/\/i0.wp.com\/miplatafina.es\/blog\/wp-content\/uploads\/2017\/10\/OVAL-CHLOE-CANCER-MAMA.jpg?fit=1181%2C1181&ssl=1","jetpack_sharing_enabled":true,"jetpack_shortlink":"https:\/\/wp.me\/p9j6Jz-4Q","jetpack_likes_enabled":true,"jetpack-related-posts":[],"_links":{"self":[{"href":"https:\/\/miplatafina.es\/blog\/wp-json\/wp\/v2\/posts\/300"}],"collection":[{"href":"https:\/\/miplatafina.es\/blog\/wp-json\/wp\/v2\/posts"}],"about":[{"href":"https:\/\/miplatafina.es\/blog\/wp-json\/wp\/v2\/types\/post"}],"author":[{"embeddable":true,"href":"https:\/\/miplatafina.es\/blog\/wp-json\/wp\/v2\/users\/1"}],"replies":[{"embeddable":true,"href":"https:\/\/miplatafina.es\/blog\/wp-json\/wp\/v2\/comments?post=300"}],"version-history":[{"count":3,"href":"https:\/\/miplatafina.es\/blog\/wp-json\/wp\/v2\/posts\/300\/revisions"}],"predecessor-version":[{"id":380,"href":"https:\/\/miplatafina.es\/blog\/wp-json\/wp\/v2\/posts\/300\/revisions\/380"}],"wp:featuredmedia":[{"embeddable":true,"href":"https:\/\/miplatafina.es\/blog\/wp-json\/wp\/v2\/media\/301"}],"wp:attachment":[{"href":"https:\/\/miplatafina.es\/blog\/wp-json\/wp\/v2\/media?parent=300"}],"wp:term":[{"taxonomy":"category","embeddable":true,"href":"https:\/\/miplatafina.es\/blog\/wp-json\/wp\/v2\/categories?post=300"},{"taxonomy":"post_tag","embeddable":true,"href":"https:\/\/miplatafina.es\/blog\/wp-json\/wp\/v2\/tags?post=300"}],"curies":[{"name":"wp","href":"https:\/\/api.w.org\/{rel}","templated":true}]}}